{"id":1398,"date":"2023-10-18T09:11:01","date_gmt":"2023-10-18T09:11:01","guid":{"rendered":"https:\/\/trayectoriadeportiva.com\/index.php\/2023\/10\/18\/el-juez-imputa-a-joan-laporta-por-los-presuntos-pagos-del-barca-a-negreira\/"},"modified":"2023-10-18T09:11:01","modified_gmt":"2023-10-18T09:11:01","slug":"el-juez-imputa-a-joan-laporta-por-los-presuntos-pagos-del-barca-a-negreira","status":"publish","type":"post","link":"https:\/\/trayectoriadeportiva.com\/index.php\/2023\/10\/18\/el-juez-imputa-a-joan-laporta-por-los-presuntos-pagos-del-barca-a-negreira\/","title":{"rendered":"El juez imputa a Joan Laporta por los presuntos pagos del Bar\u00e7a a Negreira"},"content":{"rendered":"<p>El juez del caso Negreira ha acordado imputar al presidente del FC Barcelona, Joan Laporta, al concluir que los pagos al exvicepresidente del Comit\u00e9 T\u00e9cnico de \u00c1rbitros (CTA) efectuados entre 2008 y 2010, durante su anterior mandato, no han prescrito porque constituyen un delito de cohecho continuado.<\/p>\n<p><a href=\"https:\/\/www.lavanguardia.com\/deportes\/20231018\/9308842\/juez-imputa-laporta-presuntos-pagos-barca-negreira.html\">Seguir leyendo&#8230;<\/a><\/p>","protected":false},"excerpt":{"rendered":"<p>El juez del caso Negreira ha acordado imputar al presidente del FC Barcelona, Joan Laporta, al concluir que los pagos al exvicepresidente del Comit\u00e9 T\u00e9cnico de \u00c1rbitros (CTA) efectuados entre 2008 y 2010, durante su anterior mandato, no han prescrito porque constituyen un delito de cohecho continuado. Seguir leyendo&#8230;<\/p>\n","protected":false},"author":0,"featured_media":1399,"comment_status":"","ping_status":"","sticky":false,"template":"","format":"standard","meta":{"_et_pb_use_builder":"","_et_pb_old_content":"","_et_gb_content_width":"","footnotes":""},"categories":[1],"tags":[],"class_list":["post-1398","post","type-post","status-publish","format-standard","has-post-thumbnail","hentry","category-blog","et-has-post-format-content","et_post_format-et-post-format-standard"],"_links":{"self":[{"href":"https:\/\/trayectoriadeportiva.com\/index.php\/wp-json\/wp\/v2\/posts\/1398","targetHints":{"allow":["GET"]}}],"collection":[{"href":"https:\/\/trayectoriadeportiva.com\/index.php\/wp-json\/wp\/v2\/posts"}],"about":[{"href":"https:\/\/trayectoriadeportiva.com\/index.php\/wp-json\/wp\/v2\/types\/post"}],"replies":[{"embeddable":true,"href":"https:\/\/trayectoriadeportiva.com\/index.php\/wp-json\/wp\/v2\/comments?post=1398"}],"version-history":[{"count":0,"href":"https:\/\/trayectoriadeportiva.com\/index.php\/wp-json\/wp\/v2\/posts\/1398\/revisions"}],"wp:featuredmedia":[{"embeddable":true,"href":"https:\/\/trayectoriadeportiva.com\/index.php\/wp-json\/wp\/v2\/media\/1399"}],"wp:attachment":[{"href":"https:\/\/trayectoriadeportiva.com\/index.php\/wp-json\/wp\/v2\/media?parent=1398"}],"wp:term":[{"taxonomy":"category","embeddable":true,"href":"https:\/\/trayectoriadeportiva.com\/index.php\/wp-json\/wp\/v2\/categories?post=1398"},{"taxonomy":"post_tag","embeddable":true,"href":"https:\/\/trayectoriadeportiva.com\/index.php\/wp-json\/wp\/v2\/tags?post=1398"}],"curies":[{"name":"wp","href":"https:\/\/api.w.org\/{rel}","templated":true}]}}