{"id":1404,"date":"2023-10-18T10:44:58","date_gmt":"2023-10-18T10:44:58","guid":{"rendered":"https:\/\/trayectoriadeportiva.com\/index.php\/2023\/10\/18\/eduard-romeu-el-caso-negreira-no-nos-ayuda\/"},"modified":"2023-10-18T10:44:58","modified_gmt":"2023-10-18T10:44:58","slug":"eduard-romeu-el-caso-negreira-no-nos-ayuda","status":"publish","type":"post","link":"https:\/\/trayectoriadeportiva.com\/index.php\/2023\/10\/18\/eduard-romeu-el-caso-negreira-no-nos-ayuda\/","title":{"rendered":"Eduard Romeu: &#8220;El caso Negreira no nos ayuda&#8221;"},"content":{"rendered":"<p>El FC Barcelona celebrar\u00e1 este s\u00e1bado la asamblea de socios compromisarios que, por cuarta vez, ser\u00e1 de forma telem\u00e1tica, despu\u00e9s de las que tuvieron lugar el 3 de abril, el 16 de junio y el 9 de octubre de 2022. &#8220;Hemos puesto el tap\u00f3n al desag\u00fce&#8221;, avis\u00f3 Eduard Romeu, vicepresidente econ\u00f3mico del club, que analiz\u00f3 los n\u00fameros en la sala de prensa de la ciudad deportiva.\u00a0<\/p>\n<p><a href=\"https:\/\/www.lavanguardia.com\/deportes\/fc-barcelona\/20231018\/9308811\/eduard-romeu-balance-economico-club-barca-caso-negreira-imputacion-laporta.html\">Seguir leyendo&#8230;<\/a><\/p>","protected":false},"excerpt":{"rendered":"<p>El FC Barcelona celebrar\u00e1 este s\u00e1bado la asamblea de socios compromisarios que, por cuarta vez, ser\u00e1 de forma telem\u00e1tica, despu\u00e9s de las que tuvieron lugar el 3 de abril, el 16 de junio y el 9 de octubre de 2022. &#8220;Hemos puesto el tap\u00f3n al desag\u00fce&#8221;, avis\u00f3 Eduard Romeu, vicepresidente econ\u00f3mico del club, que analiz\u00f3 [&hellip;]<\/p>\n","protected":false},"author":0,"featured_media":1405,"comment_status":"","ping_status":"","sticky":false,"template":"","format":"standard","meta":{"_et_pb_use_builder":"","_et_pb_old_content":"","_et_gb_content_width":"","footnotes":""},"categories":[1],"tags":[],"class_list":["post-1404","post","type-post","status-publish","format-standard","has-post-thumbnail","hentry","category-blog","et-has-post-format-content","et_post_format-et-post-format-standard"],"_links":{"self":[{"href":"https:\/\/trayectoriadeportiva.com\/index.php\/wp-json\/wp\/v2\/posts\/1404","targetHints":{"allow":["GET"]}}],"collection":[{"href":"https:\/\/trayectoriadeportiva.com\/index.php\/wp-json\/wp\/v2\/posts"}],"about":[{"href":"https:\/\/trayectoriadeportiva.com\/index.php\/wp-json\/wp\/v2\/types\/post"}],"replies":[{"embeddable":true,"href":"https:\/\/trayectoriadeportiva.com\/index.php\/wp-json\/wp\/v2\/comments?post=1404"}],"version-history":[{"count":0,"href":"https:\/\/trayectoriadeportiva.com\/index.php\/wp-json\/wp\/v2\/posts\/1404\/revisions"}],"wp:featuredmedia":[{"embeddable":true,"href":"https:\/\/trayectoriadeportiva.com\/index.php\/wp-json\/wp\/v2\/media\/1405"}],"wp:attachment":[{"href":"https:\/\/trayectoriadeportiva.com\/index.php\/wp-json\/wp\/v2\/media?parent=1404"}],"wp:term":[{"taxonomy":"category","embeddable":true,"href":"https:\/\/trayectoriadeportiva.com\/index.php\/wp-json\/wp\/v2\/categories?post=1404"},{"taxonomy":"post_tag","embeddable":true,"href":"https:\/\/trayectoriadeportiva.com\/index.php\/wp-json\/wp\/v2\/tags?post=1404"}],"curies":[{"name":"wp","href":"https:\/\/api.w.org\/{rel}","templated":true}]}}