{"id":14081,"date":"2024-06-27T22:05:00","date_gmt":"2024-06-27T22:05:00","guid":{"rendered":"https:\/\/trayectoriadeportiva.com\/index.php\/2024\/06\/27\/la-directiva-del-barca-en-busca-de-los-numeros-verdes\/"},"modified":"2024-06-27T22:05:00","modified_gmt":"2024-06-27T22:05:00","slug":"la-directiva-del-barca-en-busca-de-los-numeros-verdes","status":"publish","type":"post","link":"https:\/\/trayectoriadeportiva.com\/index.php\/2024\/06\/27\/la-directiva-del-barca-en-busca-de-los-numeros-verdes\/","title":{"rendered":"La directiva del Bar\u00e7a, en busca de los n\u00fameros verdes"},"content":{"rendered":"<p>Cinco horas dur\u00f3 la reuni\u00f3n de la junta en las oficinas del Spotify Camp Nou. En ella el presidente Joan Laporta expuso a sus directivos c\u00f3mo est\u00e1 la situaci\u00f3n econ\u00f3mica a d\u00eda de hoy para cerrar antes del 30 de junio el ejercicio econ\u00f3mico de la temporada 2023-2024 con beneficios. Pero todav\u00eda quedan algunos flecos por sellar.<\/p>\n<p><a href=\"https:\/\/www.lavanguardia.com\/deportes\/20240628\/9765760\/directiva-barca-barcelona-numeros-verdes-presupuesto.html\">Seguir leyendo&#8230;<\/a><\/p>","protected":false},"excerpt":{"rendered":"<p>Cinco horas dur\u00f3 la reuni\u00f3n de la junta en las oficinas del Spotify Camp Nou. En ella el presidente Joan Laporta expuso a sus directivos c\u00f3mo est\u00e1 la situaci\u00f3n econ\u00f3mica a d\u00eda de hoy para cerrar antes del 30 de junio el ejercicio econ\u00f3mico de la temporada 2023-2024 con beneficios. Pero todav\u00eda quedan algunos flecos [&hellip;]<\/p>\n","protected":false},"author":0,"featured_media":14082,"comment_status":"","ping_status":"","sticky":false,"template":"","format":"standard","meta":{"_et_pb_use_builder":"","_et_pb_old_content":"","_et_gb_content_width":"","footnotes":""},"categories":[1],"tags":[],"class_list":["post-14081","post","type-post","status-publish","format-standard","has-post-thumbnail","hentry","category-blog","et-has-post-format-content","et_post_format-et-post-format-standard"],"_links":{"self":[{"href":"https:\/\/trayectoriadeportiva.com\/index.php\/wp-json\/wp\/v2\/posts\/14081","targetHints":{"allow":["GET"]}}],"collection":[{"href":"https:\/\/trayectoriadeportiva.com\/index.php\/wp-json\/wp\/v2\/posts"}],"about":[{"href":"https:\/\/trayectoriadeportiva.com\/index.php\/wp-json\/wp\/v2\/types\/post"}],"replies":[{"embeddable":true,"href":"https:\/\/trayectoriadeportiva.com\/index.php\/wp-json\/wp\/v2\/comments?post=14081"}],"version-history":[{"count":0,"href":"https:\/\/trayectoriadeportiva.com\/index.php\/wp-json\/wp\/v2\/posts\/14081\/revisions"}],"wp:featuredmedia":[{"embeddable":true,"href":"https:\/\/trayectoriadeportiva.com\/index.php\/wp-json\/wp\/v2\/media\/14082"}],"wp:attachment":[{"href":"https:\/\/trayectoriadeportiva.com\/index.php\/wp-json\/wp\/v2\/media?parent=14081"}],"wp:term":[{"taxonomy":"category","embeddable":true,"href":"https:\/\/trayectoriadeportiva.com\/index.php\/wp-json\/wp\/v2\/categories?post=14081"},{"taxonomy":"post_tag","embeddable":true,"href":"https:\/\/trayectoriadeportiva.com\/index.php\/wp-json\/wp\/v2\/tags?post=14081"}],"curies":[{"name":"wp","href":"https:\/\/api.w.org\/{rel}","templated":true}]}}