{"id":1412,"date":"2023-10-18T14:09:19","date_gmt":"2023-10-18T14:09:19","guid":{"rendered":"https:\/\/trayectoriadeportiva.com\/index.php\/2023\/10\/18\/jenni-hermoso-regresa-a-la-seleccion-espanola\/"},"modified":"2023-10-18T14:09:19","modified_gmt":"2023-10-18T14:09:19","slug":"jenni-hermoso-regresa-a-la-seleccion-espanola","status":"publish","type":"post","link":"https:\/\/trayectoriadeportiva.com\/index.php\/2023\/10\/18\/jenni-hermoso-regresa-a-la-seleccion-espanola\/","title":{"rendered":"Jenni Hermoso regresa a la selecci\u00f3n espa\u00f1ola"},"content":{"rendered":"<p>Jenni Hermoso regresa a una lista de la selecci\u00f3n espa\u00f1ola. Despu\u00e9s de que <a href=\"https:\/\/www.lavanguardia.com\/deportes\/20230919\/9236550\/duro-comunicado-jenni-hermoso-convocada-seleccion-protegerme-que.html\" title='Duro comunicado de Jenni Hermoso tras no ser convocada: \"\u00bfProtegerme de qu\u00e9? \u00bfO de qui\u00e9n?\"'>Montse Tom\u00e9 no la incluyese en su primera convocatoria como seleccionadora \u201cpara protegerla\u201d<\/a>, la delantera del Pachuca ha entrado en la lista para la pr\u00f3xima ventana internacional en la que Espa\u00f1a se enfrentar\u00e1 a Italia y Suiza por un billete para los Juegos Ol\u00edmpicos.\u00a0<\/p>\n<p><a href=\"https:\/\/www.lavanguardia.com\/deportes\/futbol-femenino\/20231018\/9310177\/jenni-hermoso-regresa-seleccion-espanola.html\">Seguir leyendo&#8230;<\/a><\/p>","protected":false},"excerpt":{"rendered":"<p>Jenni Hermoso regresa a una lista de la selecci\u00f3n espa\u00f1ola. Despu\u00e9s de que Montse Tom\u00e9 no la incluyese en su primera convocatoria como seleccionadora \u201cpara protegerla\u201d, la delantera del Pachuca ha entrado en la lista para la pr\u00f3xima ventana internacional en la que Espa\u00f1a se enfrentar\u00e1 a Italia y Suiza por un billete para los [&hellip;]<\/p>\n","protected":false},"author":0,"featured_media":1413,"comment_status":"","ping_status":"","sticky":false,"template":"","format":"standard","meta":{"_et_pb_use_builder":"","_et_pb_old_content":"","_et_gb_content_width":"","footnotes":""},"categories":[1],"tags":[],"class_list":["post-1412","post","type-post","status-publish","format-standard","has-post-thumbnail","hentry","category-blog","et-has-post-format-content","et_post_format-et-post-format-standard"],"_links":{"self":[{"href":"https:\/\/trayectoriadeportiva.com\/index.php\/wp-json\/wp\/v2\/posts\/1412","targetHints":{"allow":["GET"]}}],"collection":[{"href":"https:\/\/trayectoriadeportiva.com\/index.php\/wp-json\/wp\/v2\/posts"}],"about":[{"href":"https:\/\/trayectoriadeportiva.com\/index.php\/wp-json\/wp\/v2\/types\/post"}],"replies":[{"embeddable":true,"href":"https:\/\/trayectoriadeportiva.com\/index.php\/wp-json\/wp\/v2\/comments?post=1412"}],"version-history":[{"count":0,"href":"https:\/\/trayectoriadeportiva.com\/index.php\/wp-json\/wp\/v2\/posts\/1412\/revisions"}],"wp:featuredmedia":[{"embeddable":true,"href":"https:\/\/trayectoriadeportiva.com\/index.php\/wp-json\/wp\/v2\/media\/1413"}],"wp:attachment":[{"href":"https:\/\/trayectoriadeportiva.com\/index.php\/wp-json\/wp\/v2\/media?parent=1412"}],"wp:term":[{"taxonomy":"category","embeddable":true,"href":"https:\/\/trayectoriadeportiva.com\/index.php\/wp-json\/wp\/v2\/categories?post=1412"},{"taxonomy":"post_tag","embeddable":true,"href":"https:\/\/trayectoriadeportiva.com\/index.php\/wp-json\/wp\/v2\/tags?post=1412"}],"curies":[{"name":"wp","href":"https:\/\/api.w.org\/{rel}","templated":true}]}}