{"id":14127,"date":"2024-06-29T04:00:00","date_gmt":"2024-06-29T04:00:00","guid":{"rendered":"https:\/\/trayectoriadeportiva.com\/index.php\/2024\/06\/29\/un-tour-digno-de-stendhal\/"},"modified":"2024-06-29T04:00:00","modified_gmt":"2024-06-29T04:00:00","slug":"un-tour-digno-de-stendhal","status":"publish","type":"post","link":"https:\/\/trayectoriadeportiva.com\/index.php\/2024\/06\/29\/un-tour-digno-de-stendhal\/","title":{"rendered":"Un Tour digno de Stendhal"},"content":{"rendered":"<p>El escritor franc\u00e9s Stendhal conoci\u00f3 a principios del siglo XIX Florencia, de donde sale este s\u00e1bado el Tour de Francia. El esplendor y la acumulaci\u00f3n de belleza de la ciudad cautivaron al sensible novelista, tanto que al salir de la bas\u00edlica de la Santa Croce sinti\u00f3 que le faltaba el aire. \u201cMe lat\u00eda el coraz\u00f3n, la vida estaba agotada en m\u00ed, andaba con miedo a caerme\u201d, detall\u00f3. Esos mareos, mezcla de emoci\u00f3n desbordada y sensaci\u00f3n de aplastamiento, se conocen como el s\u00edndrome de Stendhal. Es como si el cuerpo y la mente humanos no est\u00e9n capacitados para asumir tantos encantos en tan poco tiempo.<\/p>\n<p><a href=\"https:\/\/www.lavanguardia.com\/deportes\/20240629\/9767847\/tour-pogacar-florencia-roglic.html\">Seguir leyendo&#8230;<\/a><\/p>","protected":false},"excerpt":{"rendered":"<p>El escritor franc\u00e9s Stendhal conoci\u00f3 a principios del siglo XIX Florencia, de donde sale este s\u00e1bado el Tour de Francia. El esplendor y la acumulaci\u00f3n de belleza de la ciudad cautivaron al sensible novelista, tanto que al salir de la bas\u00edlica de la Santa Croce sinti\u00f3 que le faltaba el aire. \u201cMe lat\u00eda el coraz\u00f3n, [&hellip;]<\/p>\n","protected":false},"author":0,"featured_media":14128,"comment_status":"","ping_status":"","sticky":false,"template":"","format":"standard","meta":{"_et_pb_use_builder":"","_et_pb_old_content":"","_et_gb_content_width":"","footnotes":""},"categories":[1],"tags":[],"class_list":["post-14127","post","type-post","status-publish","format-standard","has-post-thumbnail","hentry","category-blog","et-has-post-format-content","et_post_format-et-post-format-standard"],"_links":{"self":[{"href":"https:\/\/trayectoriadeportiva.com\/index.php\/wp-json\/wp\/v2\/posts\/14127","targetHints":{"allow":["GET"]}}],"collection":[{"href":"https:\/\/trayectoriadeportiva.com\/index.php\/wp-json\/wp\/v2\/posts"}],"about":[{"href":"https:\/\/trayectoriadeportiva.com\/index.php\/wp-json\/wp\/v2\/types\/post"}],"replies":[{"embeddable":true,"href":"https:\/\/trayectoriadeportiva.com\/index.php\/wp-json\/wp\/v2\/comments?post=14127"}],"version-history":[{"count":0,"href":"https:\/\/trayectoriadeportiva.com\/index.php\/wp-json\/wp\/v2\/posts\/14127\/revisions"}],"wp:featuredmedia":[{"embeddable":true,"href":"https:\/\/trayectoriadeportiva.com\/index.php\/wp-json\/wp\/v2\/media\/14128"}],"wp:attachment":[{"href":"https:\/\/trayectoriadeportiva.com\/index.php\/wp-json\/wp\/v2\/media?parent=14127"}],"wp:term":[{"taxonomy":"category","embeddable":true,"href":"https:\/\/trayectoriadeportiva.com\/index.php\/wp-json\/wp\/v2\/categories?post=14127"},{"taxonomy":"post_tag","embeddable":true,"href":"https:\/\/trayectoriadeportiva.com\/index.php\/wp-json\/wp\/v2\/tags?post=14127"}],"curies":[{"name":"wp","href":"https:\/\/api.w.org\/{rel}","templated":true}]}}