{"id":1418,"date":"2023-10-18T19:03:45","date_gmt":"2023-10-18T19:03:45","guid":{"rendered":"https:\/\/trayectoriadeportiva.com\/index.php\/2023\/10\/18\/alcaraz-se-da-de-baja-del-torneo-de-basilea-por-lesion\/"},"modified":"2023-10-18T19:03:45","modified_gmt":"2023-10-18T19:03:45","slug":"alcaraz-se-da-de-baja-del-torneo-de-basilea-por-lesion","status":"publish","type":"post","link":"https:\/\/trayectoriadeportiva.com\/index.php\/2023\/10\/18\/alcaraz-se-da-de-baja-del-torneo-de-basilea-por-lesion\/","title":{"rendered":"Alcaraz se da de baja del torneo de Basilea por lesi\u00f3n"},"content":{"rendered":"<p>El n\u00famero dos del mundo, Carlos Alcaraz, no participar\u00e1 en el ATP 500 de Basilea, que se disputa del 21 al 29 de octubre. El tenista murciano se ha dado de baja por lesi\u00f3n ya que \u201csufre una inflamaci\u00f3n en la planta de su pie izquierdo y problemas en los m\u00fasculos del gl\u00fateo\u201d. Alcaraz, de 20 a\u00f1os, conf\u00eda estar recuperado para el Masters 1.000 de Par\u00eds.<\/p>\n<p><a href=\"https:\/\/www.lavanguardia.com\/deportes\/tenis\/20231018\/9310894\/alcaraz-da-baja-torneo-basilea-lesion.html\">Seguir leyendo&#8230;<\/a><\/p>","protected":false},"excerpt":{"rendered":"<p>El n\u00famero dos del mundo, Carlos Alcaraz, no participar\u00e1 en el ATP 500 de Basilea, que se disputa del 21 al 29 de octubre. El tenista murciano se ha dado de baja por lesi\u00f3n ya que \u201csufre una inflamaci\u00f3n en la planta de su pie izquierdo y problemas en los m\u00fasculos del gl\u00fateo\u201d. Alcaraz, de [&hellip;]<\/p>\n","protected":false},"author":0,"featured_media":1419,"comment_status":"","ping_status":"","sticky":false,"template":"","format":"standard","meta":{"_et_pb_use_builder":"","_et_pb_old_content":"","_et_gb_content_width":"","footnotes":""},"categories":[1],"tags":[],"class_list":["post-1418","post","type-post","status-publish","format-standard","has-post-thumbnail","hentry","category-blog","et-has-post-format-content","et_post_format-et-post-format-standard"],"_links":{"self":[{"href":"https:\/\/trayectoriadeportiva.com\/index.php\/wp-json\/wp\/v2\/posts\/1418","targetHints":{"allow":["GET"]}}],"collection":[{"href":"https:\/\/trayectoriadeportiva.com\/index.php\/wp-json\/wp\/v2\/posts"}],"about":[{"href":"https:\/\/trayectoriadeportiva.com\/index.php\/wp-json\/wp\/v2\/types\/post"}],"replies":[{"embeddable":true,"href":"https:\/\/trayectoriadeportiva.com\/index.php\/wp-json\/wp\/v2\/comments?post=1418"}],"version-history":[{"count":0,"href":"https:\/\/trayectoriadeportiva.com\/index.php\/wp-json\/wp\/v2\/posts\/1418\/revisions"}],"wp:featuredmedia":[{"embeddable":true,"href":"https:\/\/trayectoriadeportiva.com\/index.php\/wp-json\/wp\/v2\/media\/1419"}],"wp:attachment":[{"href":"https:\/\/trayectoriadeportiva.com\/index.php\/wp-json\/wp\/v2\/media?parent=1418"}],"wp:term":[{"taxonomy":"category","embeddable":true,"href":"https:\/\/trayectoriadeportiva.com\/index.php\/wp-json\/wp\/v2\/categories?post=1418"},{"taxonomy":"post_tag","embeddable":true,"href":"https:\/\/trayectoriadeportiva.com\/index.php\/wp-json\/wp\/v2\/tags?post=1418"}],"curies":[{"name":"wp","href":"https:\/\/api.w.org\/{rel}","templated":true}]}}