{"id":14212,"date":"2024-06-30T20:38:58","date_gmt":"2024-06-30T20:38:58","guid":{"rendered":"https:\/\/trayectoriadeportiva.com\/index.php\/2024\/06\/30\/alinghi-red-bull-racing-abre-sus-puertas-el-13-de-julio-con-un-fanzone-en-el-port-vell-de-barcelona\/"},"modified":"2024-06-30T20:38:58","modified_gmt":"2024-06-30T20:38:58","slug":"alinghi-red-bull-racing-abre-sus-puertas-el-13-de-julio-con-un-fanzone-en-el-port-vell-de-barcelona","status":"publish","type":"post","link":"https:\/\/trayectoriadeportiva.com\/index.php\/2024\/06\/30\/alinghi-red-bull-racing-abre-sus-puertas-el-13-de-julio-con-un-fanzone-en-el-port-vell-de-barcelona\/","title":{"rendered":"Alinghi Red Bull Racing abre sus puertas el 13 de julio con un FanZone en el Port Vell de Barcelona"},"content":{"rendered":"<p>Alinghi Red Bull Racing anuncia la apertura permanente de su FanZone al p\u00fablico en el Port Vell de Barcelona. Ubicada en el primer piso de la base del equipo, la FanZone ofrece una experiencia interactiva para todos los p\u00fablicos, pensado para ofrecer una experiencia \u00fanica y cercana al mundo de la vela de la Copa del Am\u00e9rica.<\/p>\n<p><a href=\"https:\/\/www.lavanguardia.com\/deportes\/vela\/20240630\/9771282\/alinghi-red-bull-racing.html\">Seguir leyendo&#8230;<\/a><\/p>","protected":false},"excerpt":{"rendered":"<p>Alinghi Red Bull Racing anuncia la apertura permanente de su FanZone al p\u00fablico en el Port Vell de Barcelona. Ubicada en el primer piso de la base del equipo, la FanZone ofrece una experiencia interactiva para todos los p\u00fablicos, pensado para ofrecer una experiencia \u00fanica y cercana al mundo de la vela de la Copa [&hellip;]<\/p>\n","protected":false},"author":0,"featured_media":14213,"comment_status":"","ping_status":"","sticky":false,"template":"","format":"standard","meta":{"_et_pb_use_builder":"","_et_pb_old_content":"","_et_gb_content_width":"","footnotes":""},"categories":[1],"tags":[],"class_list":["post-14212","post","type-post","status-publish","format-standard","has-post-thumbnail","hentry","category-blog","et-has-post-format-content","et_post_format-et-post-format-standard"],"_links":{"self":[{"href":"https:\/\/trayectoriadeportiva.com\/index.php\/wp-json\/wp\/v2\/posts\/14212","targetHints":{"allow":["GET"]}}],"collection":[{"href":"https:\/\/trayectoriadeportiva.com\/index.php\/wp-json\/wp\/v2\/posts"}],"about":[{"href":"https:\/\/trayectoriadeportiva.com\/index.php\/wp-json\/wp\/v2\/types\/post"}],"replies":[{"embeddable":true,"href":"https:\/\/trayectoriadeportiva.com\/index.php\/wp-json\/wp\/v2\/comments?post=14212"}],"version-history":[{"count":0,"href":"https:\/\/trayectoriadeportiva.com\/index.php\/wp-json\/wp\/v2\/posts\/14212\/revisions"}],"wp:featuredmedia":[{"embeddable":true,"href":"https:\/\/trayectoriadeportiva.com\/index.php\/wp-json\/wp\/v2\/media\/14213"}],"wp:attachment":[{"href":"https:\/\/trayectoriadeportiva.com\/index.php\/wp-json\/wp\/v2\/media?parent=14212"}],"wp:term":[{"taxonomy":"category","embeddable":true,"href":"https:\/\/trayectoriadeportiva.com\/index.php\/wp-json\/wp\/v2\/categories?post=14212"},{"taxonomy":"post_tag","embeddable":true,"href":"https:\/\/trayectoriadeportiva.com\/index.php\/wp-json\/wp\/v2\/tags?post=14212"}],"curies":[{"name":"wp","href":"https:\/\/api.w.org\/{rel}","templated":true}]}}