{"id":14285,"date":"2024-07-02T21:04:36","date_gmt":"2024-07-02T21:04:36","guid":{"rendered":"https:\/\/trayectoriadeportiva.com\/index.php\/2024\/07\/02\/turquia-bate-a-austria-por-via-aerea\/"},"modified":"2024-07-02T21:04:36","modified_gmt":"2024-07-02T21:04:36","slug":"turquia-bate-a-austria-por-via-aerea","status":"publish","type":"post","link":"https:\/\/trayectoriadeportiva.com\/index.php\/2024\/07\/02\/turquia-bate-a-austria-por-via-aerea\/","title":{"rendered":"Turqu\u00eda bate a Austria por v\u00eda a\u00e9rea"},"content":{"rendered":"<p>G\u00fcnok se estir\u00f3 como un gato mont\u00e9s. Como un felino sac\u00f3 una manopla y salv\u00f3 el triunfo de Turqu\u00eda. Baumgartner hab\u00eda tenido el empate en ese cabezazo sideral en el a\u00f1adido pero el guardameta hizo la parada de su vida. Vencieron los otomanos gracias a un doblete del central Demiral tras dos c\u00f3rners. Recort\u00f3 distancias Gregoritsch pero Austria no pudo completar su reacci\u00f3n. Turqu\u00eda se enfrentar\u00e1 en cuartos a Pa\u00edses Bajos el pr\u00f3ximo s\u00e1bado.<\/p>\n<p><a href=\"https:\/\/www.lavanguardia.com\/deportes\/20240702\/9777079\/aerolineas-turcas.html\">Seguir leyendo&#8230;<\/a><\/p>","protected":false},"excerpt":{"rendered":"<p>G\u00fcnok se estir\u00f3 como un gato mont\u00e9s. Como un felino sac\u00f3 una manopla y salv\u00f3 el triunfo de Turqu\u00eda. Baumgartner hab\u00eda tenido el empate en ese cabezazo sideral en el a\u00f1adido pero el guardameta hizo la parada de su vida. Vencieron los otomanos gracias a un doblete del central Demiral tras dos c\u00f3rners. Recort\u00f3 distancias [&hellip;]<\/p>\n","protected":false},"author":0,"featured_media":14286,"comment_status":"","ping_status":"","sticky":false,"template":"","format":"standard","meta":{"_et_pb_use_builder":"","_et_pb_old_content":"","_et_gb_content_width":"","footnotes":""},"categories":[1],"tags":[],"class_list":["post-14285","post","type-post","status-publish","format-standard","has-post-thumbnail","hentry","category-blog","et-has-post-format-content","et_post_format-et-post-format-standard"],"_links":{"self":[{"href":"https:\/\/trayectoriadeportiva.com\/index.php\/wp-json\/wp\/v2\/posts\/14285","targetHints":{"allow":["GET"]}}],"collection":[{"href":"https:\/\/trayectoriadeportiva.com\/index.php\/wp-json\/wp\/v2\/posts"}],"about":[{"href":"https:\/\/trayectoriadeportiva.com\/index.php\/wp-json\/wp\/v2\/types\/post"}],"replies":[{"embeddable":true,"href":"https:\/\/trayectoriadeportiva.com\/index.php\/wp-json\/wp\/v2\/comments?post=14285"}],"version-history":[{"count":0,"href":"https:\/\/trayectoriadeportiva.com\/index.php\/wp-json\/wp\/v2\/posts\/14285\/revisions"}],"wp:featuredmedia":[{"embeddable":true,"href":"https:\/\/trayectoriadeportiva.com\/index.php\/wp-json\/wp\/v2\/media\/14286"}],"wp:attachment":[{"href":"https:\/\/trayectoriadeportiva.com\/index.php\/wp-json\/wp\/v2\/media?parent=14285"}],"wp:term":[{"taxonomy":"category","embeddable":true,"href":"https:\/\/trayectoriadeportiva.com\/index.php\/wp-json\/wp\/v2\/categories?post=14285"},{"taxonomy":"post_tag","embeddable":true,"href":"https:\/\/trayectoriadeportiva.com\/index.php\/wp-json\/wp\/v2\/tags?post=14285"}],"curies":[{"name":"wp","href":"https:\/\/api.w.org\/{rel}","templated":true}]}}