{"id":1430,"date":"2023-10-19T09:53:19","date_gmt":"2023-10-19T09:53:19","guid":{"rendered":"https:\/\/trayectoriadeportiva.com\/index.php\/2023\/10\/19\/victor-font-el-barca-sigue-en-la-uci-y-le-han-dado-calmantes\/"},"modified":"2023-10-19T09:53:19","modified_gmt":"2023-10-19T09:53:19","slug":"victor-font-el-barca-sigue-en-la-uci-y-le-han-dado-calmantes","status":"publish","type":"post","link":"https:\/\/trayectoriadeportiva.com\/index.php\/2023\/10\/19\/victor-font-el-barca-sigue-en-la-uci-y-le-han-dado-calmantes\/","title":{"rendered":"V\u00edctor Font: &#8220;El Bar\u00e7a sigue en la UCI y le han dado calmantes&#8221;"},"content":{"rendered":"<p>V\u00edctor Font, excandidato a la presidencia del FC Barcelona, compareci\u00f3 en una rueda de prensa para evaluar el cierre econ\u00f3mico de la temporada 2022-23 y los presupuestos de la 2023-24 de la entidad azulgrana que la directiva que preside Joan Laporta presentar\u00e1 el s\u00e1bado en la asamblea de socios compromisarios. Font defendi\u00f3 que &#8220;el club econ\u00f3micamente est\u00e1 peor que hace dos a\u00f1os. Sigue en la UCI, las anal\u00edticas son peores pero le han dado calmantes&#8221;. Tambi\u00e9n defendi\u00f3 la necesidad de &#8220;cambiar el modelo de gesti\u00f3n\u00a0si queremos preservar la propiedad del club y si queremos renovar a Lamine Yamal o fichar a H\u00e5land el d\u00eda que quiera jugar en la Liga&#8221;.<\/p>\n<p><a href=\"https:\/\/www.lavanguardia.com\/deportes\/fc-barcelona\/20231019\/9311682\/victor-font-oposicion-laporta-modelo-economico-caso-negreira-barca.html\">Seguir leyendo&#8230;<\/a><\/p>","protected":false},"excerpt":{"rendered":"<p>V\u00edctor Font, excandidato a la presidencia del FC Barcelona, compareci\u00f3 en una rueda de prensa para evaluar el cierre econ\u00f3mico de la temporada 2022-23 y los presupuestos de la 2023-24 de la entidad azulgrana que la directiva que preside Joan Laporta presentar\u00e1 el s\u00e1bado en la asamblea de socios compromisarios. Font defendi\u00f3 que &#8220;el club [&hellip;]<\/p>\n","protected":false},"author":0,"featured_media":1431,"comment_status":"","ping_status":"","sticky":false,"template":"","format":"standard","meta":{"_et_pb_use_builder":"","_et_pb_old_content":"","_et_gb_content_width":"","footnotes":""},"categories":[1],"tags":[],"class_list":["post-1430","post","type-post","status-publish","format-standard","has-post-thumbnail","hentry","category-blog","et-has-post-format-content","et_post_format-et-post-format-standard"],"_links":{"self":[{"href":"https:\/\/trayectoriadeportiva.com\/index.php\/wp-json\/wp\/v2\/posts\/1430","targetHints":{"allow":["GET"]}}],"collection":[{"href":"https:\/\/trayectoriadeportiva.com\/index.php\/wp-json\/wp\/v2\/posts"}],"about":[{"href":"https:\/\/trayectoriadeportiva.com\/index.php\/wp-json\/wp\/v2\/types\/post"}],"replies":[{"embeddable":true,"href":"https:\/\/trayectoriadeportiva.com\/index.php\/wp-json\/wp\/v2\/comments?post=1430"}],"version-history":[{"count":0,"href":"https:\/\/trayectoriadeportiva.com\/index.php\/wp-json\/wp\/v2\/posts\/1430\/revisions"}],"wp:featuredmedia":[{"embeddable":true,"href":"https:\/\/trayectoriadeportiva.com\/index.php\/wp-json\/wp\/v2\/media\/1431"}],"wp:attachment":[{"href":"https:\/\/trayectoriadeportiva.com\/index.php\/wp-json\/wp\/v2\/media?parent=1430"}],"wp:term":[{"taxonomy":"category","embeddable":true,"href":"https:\/\/trayectoriadeportiva.com\/index.php\/wp-json\/wp\/v2\/categories?post=1430"},{"taxonomy":"post_tag","embeddable":true,"href":"https:\/\/trayectoriadeportiva.com\/index.php\/wp-json\/wp\/v2\/tags?post=1430"}],"curies":[{"name":"wp","href":"https:\/\/api.w.org\/{rel}","templated":true}]}}