{"id":1440,"date":"2023-10-19T19:56:15","date_gmt":"2023-10-19T19:56:15","guid":{"rendered":"https:\/\/trayectoriadeportiva.com\/index.php\/2023\/10\/19\/rafa-nadal-tengo-menos-dolor-pero-aun-siento-molestias\/"},"modified":"2023-10-19T19:56:15","modified_gmt":"2023-10-19T19:56:15","slug":"rafa-nadal-tengo-menos-dolor-pero-aun-siento-molestias","status":"publish","type":"post","link":"https:\/\/trayectoriadeportiva.com\/index.php\/2023\/10\/19\/rafa-nadal-tengo-menos-dolor-pero-aun-siento-molestias\/","title":{"rendered":"Rafa Nadal: &#8220;Tengo menos dolor, pero a\u00fan siento molestias&#8221;"},"content":{"rendered":"<p>Rafael Nadal reconoci\u00f3 que todav\u00eda no le ha desaparecido totalmente el dolor de la lesi\u00f3n en el psoas que le ha tenido apartado de la competici\u00f3n durante todo el a\u00f1o, pero destac\u00f3 que en los entrenamientos puede &#8220;hacer m\u00e1s cosas&#8221;.<\/p>\n<p><a href=\"https:\/\/www.lavanguardia.com\/deportes\/tenis\/20231019\/9314018\/rafa-nadal-dolor-aun-siento-molestias.html\">Seguir leyendo&#8230;<\/a><\/p>","protected":false},"excerpt":{"rendered":"<p>Rafael Nadal reconoci\u00f3 que todav\u00eda no le ha desaparecido totalmente el dolor de la lesi\u00f3n en el psoas que le ha tenido apartado de la competici\u00f3n durante todo el a\u00f1o, pero destac\u00f3 que en los entrenamientos puede &#8220;hacer m\u00e1s cosas&#8221;. Seguir leyendo&#8230;<\/p>\n","protected":false},"author":0,"featured_media":1441,"comment_status":"","ping_status":"","sticky":false,"template":"","format":"standard","meta":{"_et_pb_use_builder":"","_et_pb_old_content":"","_et_gb_content_width":"","footnotes":""},"categories":[1],"tags":[],"class_list":["post-1440","post","type-post","status-publish","format-standard","has-post-thumbnail","hentry","category-blog","et-has-post-format-content","et_post_format-et-post-format-standard"],"_links":{"self":[{"href":"https:\/\/trayectoriadeportiva.com\/index.php\/wp-json\/wp\/v2\/posts\/1440","targetHints":{"allow":["GET"]}}],"collection":[{"href":"https:\/\/trayectoriadeportiva.com\/index.php\/wp-json\/wp\/v2\/posts"}],"about":[{"href":"https:\/\/trayectoriadeportiva.com\/index.php\/wp-json\/wp\/v2\/types\/post"}],"replies":[{"embeddable":true,"href":"https:\/\/trayectoriadeportiva.com\/index.php\/wp-json\/wp\/v2\/comments?post=1440"}],"version-history":[{"count":0,"href":"https:\/\/trayectoriadeportiva.com\/index.php\/wp-json\/wp\/v2\/posts\/1440\/revisions"}],"wp:featuredmedia":[{"embeddable":true,"href":"https:\/\/trayectoriadeportiva.com\/index.php\/wp-json\/wp\/v2\/media\/1441"}],"wp:attachment":[{"href":"https:\/\/trayectoriadeportiva.com\/index.php\/wp-json\/wp\/v2\/media?parent=1440"}],"wp:term":[{"taxonomy":"category","embeddable":true,"href":"https:\/\/trayectoriadeportiva.com\/index.php\/wp-json\/wp\/v2\/categories?post=1440"},{"taxonomy":"post_tag","embeddable":true,"href":"https:\/\/trayectoriadeportiva.com\/index.php\/wp-json\/wp\/v2\/tags?post=1440"}],"curies":[{"name":"wp","href":"https:\/\/api.w.org\/{rel}","templated":true}]}}