{"id":14465,"date":"2024-07-06T21:11:29","date_gmt":"2024-07-06T21:11:29","guid":{"rendered":"https:\/\/trayectoriadeportiva.com\/index.php\/2024\/07\/06\/paises-bajos-remonta-a-turquia-y-se-mete-en-semifinales\/"},"modified":"2024-07-06T21:11:29","modified_gmt":"2024-07-06T21:11:29","slug":"paises-bajos-remonta-a-turquia-y-se-mete-en-semifinales","status":"publish","type":"post","link":"https:\/\/trayectoriadeportiva.com\/index.php\/2024\/07\/06\/paises-bajos-remonta-a-turquia-y-se-mete-en-semifinales\/","title":{"rendered":"Pa\u00edses Bajos remonta a Turqu\u00eda y se mete en semifinales"},"content":{"rendered":"<p>Una remontada de Pa\u00edses Bajos con dos goles muy seguidos a partir del minuto 70 de juego evit\u00f3 que Turqu\u00eda protagonizase una de las grandes sorpresas de la Eurocopa. El equipo de Ronald Koeman se meti\u00f3 en las semifinales y se ver\u00e1 las caras el mi\u00e9rcoles con Inglaterra por una plaza en la final.<\/p>\n<p><a href=\"https:\/\/www.lavanguardia.com\/deportes\/futbol\/20240706\/9786823\/paises-bajos-remonta-turquia-mete-semifinales.html\">Seguir leyendo&#8230;<\/a><\/p>","protected":false},"excerpt":{"rendered":"<p>Una remontada de Pa\u00edses Bajos con dos goles muy seguidos a partir del minuto 70 de juego evit\u00f3 que Turqu\u00eda protagonizase una de las grandes sorpresas de la Eurocopa. El equipo de Ronald Koeman se meti\u00f3 en las semifinales y se ver\u00e1 las caras el mi\u00e9rcoles con Inglaterra por una plaza en la final. Seguir [&hellip;]<\/p>\n","protected":false},"author":0,"featured_media":14466,"comment_status":"","ping_status":"","sticky":false,"template":"","format":"standard","meta":{"_et_pb_use_builder":"","_et_pb_old_content":"","_et_gb_content_width":"","footnotes":""},"categories":[1],"tags":[],"class_list":["post-14465","post","type-post","status-publish","format-standard","has-post-thumbnail","hentry","category-blog","et-has-post-format-content","et_post_format-et-post-format-standard"],"_links":{"self":[{"href":"https:\/\/trayectoriadeportiva.com\/index.php\/wp-json\/wp\/v2\/posts\/14465","targetHints":{"allow":["GET"]}}],"collection":[{"href":"https:\/\/trayectoriadeportiva.com\/index.php\/wp-json\/wp\/v2\/posts"}],"about":[{"href":"https:\/\/trayectoriadeportiva.com\/index.php\/wp-json\/wp\/v2\/types\/post"}],"replies":[{"embeddable":true,"href":"https:\/\/trayectoriadeportiva.com\/index.php\/wp-json\/wp\/v2\/comments?post=14465"}],"version-history":[{"count":0,"href":"https:\/\/trayectoriadeportiva.com\/index.php\/wp-json\/wp\/v2\/posts\/14465\/revisions"}],"wp:featuredmedia":[{"embeddable":true,"href":"https:\/\/trayectoriadeportiva.com\/index.php\/wp-json\/wp\/v2\/media\/14466"}],"wp:attachment":[{"href":"https:\/\/trayectoriadeportiva.com\/index.php\/wp-json\/wp\/v2\/media?parent=14465"}],"wp:term":[{"taxonomy":"category","embeddable":true,"href":"https:\/\/trayectoriadeportiva.com\/index.php\/wp-json\/wp\/v2\/categories?post=14465"},{"taxonomy":"post_tag","embeddable":true,"href":"https:\/\/trayectoriadeportiva.com\/index.php\/wp-json\/wp\/v2\/tags?post=14465"}],"curies":[{"name":"wp","href":"https:\/\/api.w.org\/{rel}","templated":true}]}}