{"id":1450,"date":"2023-10-20T05:00:00","date_gmt":"2023-10-20T05:00:00","guid":{"rendered":"https:\/\/trayectoriadeportiva.com\/index.php\/2023\/10\/20\/f1-gp-de-estados-unidos-de-formula-1-horario-y-donde-ver-en-tv-la-clasificacion-sprint-y-carrera\/"},"modified":"2023-10-20T05:00:00","modified_gmt":"2023-10-20T05:00:00","slug":"f1-gp-de-estados-unidos-de-formula-1-horario-y-donde-ver-en-tv-la-clasificacion-sprint-y-carrera","status":"publish","type":"post","link":"https:\/\/trayectoriadeportiva.com\/index.php\/2023\/10\/20\/f1-gp-de-estados-unidos-de-formula-1-horario-y-donde-ver-en-tv-la-clasificacion-sprint-y-carrera\/","title":{"rendered":"F1, GP de Estados Unidos de F\u00f3rmula 1 | Horario y d\u00f3nde ver en TV la clasificaci\u00f3n, sprint y carrera"},"content":{"rendered":"<p>Tras una semana de descanso la <a href=\"https:\/\/www.lavanguardia.com\/topics\/formula-1\" title=\"F\u00f3rmula 1\" target=\"_blank\" rel=\"noopener\">F\u00f3rmula 1<\/a> llega al Circuito de las Am\u00e9ricas, en Estados Unidos. Es la decimoctava cita del mundial que ya ha ganado <a href=\"https:\/\/www.lavanguardia.com\/topics\/max-verstappen\" title=\"Max Verstappen\" target=\"_blank\" rel=\"noopener\">Max Verstappen<\/a>, en la categor\u00eda de pilotos, y <a href=\"https:\/\/www.lavanguardia.com\/topics\/red-bull\" title=\"Red Bull\" target=\"_blank\" rel=\"noopener\">Red Bull<\/a> en la modalidad de constructores. Estamos en un nuevo fin de semana de sprint, por lo que los horarios se vuelven a alterar y los equipos tienen el ojo puesto en la fiabilidad de sus componentes. La recta final del campeonato empieza a causar estragos como ya le ocurri\u00f3 a <a href=\"https:\/\/www.lavanguardia.com\/topics\/carlos-sainz-jr\" title=\"Carlos Sainz Jr\" target=\"_blank\" rel=\"noopener\">Carlos Sainz<\/a> en Qatar, quien no pudo participar en la carrera por un <a href=\"https:\/\/www.lavanguardia.com\/deportes\/formula-1\/20231008\/9285517\/f1-formula-1-carlos-sainz-gp-qatar-baja-averia-sistema-combustible.html\" title=\"Carlos Sainz, baja en la carrera de Qatar por aver\u00eda de su Ferrari\" target=\"_blank\" rel=\"noopener\">fallo en el sistema de combustible<\/a>.<\/p>\n<p><a href=\"https:\/\/www.lavanguardia.com\/deportes\/20231020\/9305428\/gp-estados-unidos-cota-circuito-americas-f1-horario-donde-ver-clasificacion-sprint-carrera-tv-pmv.html\">Seguir leyendo&#8230;<\/a><\/p>","protected":false},"excerpt":{"rendered":"<p>Tras una semana de descanso la F\u00f3rmula 1 llega al Circuito de las Am\u00e9ricas, en Estados Unidos. Es la decimoctava cita del mundial que ya ha ganado Max Verstappen, en la categor\u00eda de pilotos, y Red Bull en la modalidad de constructores. Estamos en un nuevo fin de semana de sprint, por lo que los [&hellip;]<\/p>\n","protected":false},"author":0,"featured_media":1451,"comment_status":"","ping_status":"","sticky":false,"template":"","format":"standard","meta":{"_et_pb_use_builder":"","_et_pb_old_content":"","_et_gb_content_width":"","footnotes":""},"categories":[1],"tags":[],"class_list":["post-1450","post","type-post","status-publish","format-standard","has-post-thumbnail","hentry","category-blog","et-has-post-format-content","et_post_format-et-post-format-standard"],"_links":{"self":[{"href":"https:\/\/trayectoriadeportiva.com\/index.php\/wp-json\/wp\/v2\/posts\/1450","targetHints":{"allow":["GET"]}}],"collection":[{"href":"https:\/\/trayectoriadeportiva.com\/index.php\/wp-json\/wp\/v2\/posts"}],"about":[{"href":"https:\/\/trayectoriadeportiva.com\/index.php\/wp-json\/wp\/v2\/types\/post"}],"replies":[{"embeddable":true,"href":"https:\/\/trayectoriadeportiva.com\/index.php\/wp-json\/wp\/v2\/comments?post=1450"}],"version-history":[{"count":0,"href":"https:\/\/trayectoriadeportiva.com\/index.php\/wp-json\/wp\/v2\/posts\/1450\/revisions"}],"wp:featuredmedia":[{"embeddable":true,"href":"https:\/\/trayectoriadeportiva.com\/index.php\/wp-json\/wp\/v2\/media\/1451"}],"wp:attachment":[{"href":"https:\/\/trayectoriadeportiva.com\/index.php\/wp-json\/wp\/v2\/media?parent=1450"}],"wp:term":[{"taxonomy":"category","embeddable":true,"href":"https:\/\/trayectoriadeportiva.com\/index.php\/wp-json\/wp\/v2\/categories?post=1450"},{"taxonomy":"post_tag","embeddable":true,"href":"https:\/\/trayectoriadeportiva.com\/index.php\/wp-json\/wp\/v2\/tags?post=1450"}],"curies":[{"name":"wp","href":"https:\/\/api.w.org\/{rel}","templated":true}]}}