{"id":14583,"date":"2024-07-09T15:31:56","date_gmt":"2024-07-09T15:31:56","guid":{"rendered":"https:\/\/trayectoriadeportiva.com\/index.php\/2024\/07\/09\/alvaro-tejero-y-carlos-romero-primeros-refuerzos-del-espanyol\/"},"modified":"2024-07-09T15:31:56","modified_gmt":"2024-07-09T15:31:56","slug":"alvaro-tejero-y-carlos-romero-primeros-refuerzos-del-espanyol","status":"publish","type":"post","link":"https:\/\/trayectoriadeportiva.com\/index.php\/2024\/07\/09\/alvaro-tejero-y-carlos-romero-primeros-refuerzos-del-espanyol\/","title":{"rendered":"\u00c1lvaro Tejero y Carlos Romero, primeros refuerzos del Espanyol"},"content":{"rendered":"<p>\u00c1lvaro Tejero y Carlos Romero se han convertido este martes en los primeros refuerzos del Espanyol en su regreso a Primera Divisi\u00f3n. El lateral derecho, uno de los mejores de Segunda en su posici\u00f3n la pasada temporada, firma por un a\u00f1o m\u00e1s otro opcional y llega libre procedente del Eibar, mientras que el carrilero zurdo firma con los pericos como cedido por una temporada tras completar el curso anterior a caballo entre el primer equipo del Villarreal y su filial.<\/p>\n<p><a href=\"https:\/\/www.lavanguardia.com\/deportes\/rcde-espanyol\/primer-equipo\/20240709\/9792746\/alvaro-tejero-carlos-romero-primero-fichajes-espanyol.html\">Seguir leyendo&#8230;<\/a><\/p>","protected":false},"excerpt":{"rendered":"<p>\u00c1lvaro Tejero y Carlos Romero se han convertido este martes en los primeros refuerzos del Espanyol en su regreso a Primera Divisi\u00f3n. El lateral derecho, uno de los mejores de Segunda en su posici\u00f3n la pasada temporada, firma por un a\u00f1o m\u00e1s otro opcional y llega libre procedente del Eibar, mientras que el carrilero zurdo [&hellip;]<\/p>\n","protected":false},"author":0,"featured_media":14584,"comment_status":"","ping_status":"","sticky":false,"template":"","format":"standard","meta":{"_et_pb_use_builder":"","_et_pb_old_content":"","_et_gb_content_width":"","footnotes":""},"categories":[1],"tags":[],"class_list":["post-14583","post","type-post","status-publish","format-standard","has-post-thumbnail","hentry","category-blog","et-has-post-format-content","et_post_format-et-post-format-standard"],"_links":{"self":[{"href":"https:\/\/trayectoriadeportiva.com\/index.php\/wp-json\/wp\/v2\/posts\/14583","targetHints":{"allow":["GET"]}}],"collection":[{"href":"https:\/\/trayectoriadeportiva.com\/index.php\/wp-json\/wp\/v2\/posts"}],"about":[{"href":"https:\/\/trayectoriadeportiva.com\/index.php\/wp-json\/wp\/v2\/types\/post"}],"replies":[{"embeddable":true,"href":"https:\/\/trayectoriadeportiva.com\/index.php\/wp-json\/wp\/v2\/comments?post=14583"}],"version-history":[{"count":0,"href":"https:\/\/trayectoriadeportiva.com\/index.php\/wp-json\/wp\/v2\/posts\/14583\/revisions"}],"wp:featuredmedia":[{"embeddable":true,"href":"https:\/\/trayectoriadeportiva.com\/index.php\/wp-json\/wp\/v2\/media\/14584"}],"wp:attachment":[{"href":"https:\/\/trayectoriadeportiva.com\/index.php\/wp-json\/wp\/v2\/media?parent=14583"}],"wp:term":[{"taxonomy":"category","embeddable":true,"href":"https:\/\/trayectoriadeportiva.com\/index.php\/wp-json\/wp\/v2\/categories?post=14583"},{"taxonomy":"post_tag","embeddable":true,"href":"https:\/\/trayectoriadeportiva.com\/index.php\/wp-json\/wp\/v2\/tags?post=14583"}],"curies":[{"name":"wp","href":"https:\/\/api.w.org\/{rel}","templated":true}]}}