{"id":14619,"date":"2024-07-09T21:33:51","date_gmt":"2024-07-09T21:33:51","guid":{"rendered":"https:\/\/trayectoriadeportiva.com\/index.php\/2024\/07\/09\/inglaterra-busca-por-fin-rendir-a-su-nivel-ante-unos-paises-bajos-en-racha-en-la-semifinal-de-la-eurocopa\/"},"modified":"2024-07-09T21:33:51","modified_gmt":"2024-07-09T21:33:51","slug":"inglaterra-busca-por-fin-rendir-a-su-nivel-ante-unos-paises-bajos-en-racha-en-la-semifinal-de-la-eurocopa","status":"publish","type":"post","link":"https:\/\/trayectoriadeportiva.com\/index.php\/2024\/07\/09\/inglaterra-busca-por-fin-rendir-a-su-nivel-ante-unos-paises-bajos-en-racha-en-la-semifinal-de-la-eurocopa\/","title":{"rendered":"Inglaterra busca por fin rendir a su nivel ante unos Pa\u00edses Bajos en racha en la semifinal de la Eurocopa"},"content":{"rendered":"<p>Inglaterra, cuyo rendimiento ha sido muy decepcionante en esta Eurocopa, se ve las caras hoy en Dortmund ante Pa\u00edses Bajos, una selecci\u00f3n que ha tenido altibajos pero que reune el talento suficiente como para ser un serio aspirante al t\u00edtulo.<\/p>\n<p><a href=\"https:\/\/www.lavanguardia.com\/deportes\/futbol\/20240709\/9793522\/inglaterra-busca-rendir-nivel-paises-bajos-racha-semifinal-eurocopa.html\">Seguir leyendo&#8230;<\/a><\/p>","protected":false},"excerpt":{"rendered":"<p>Inglaterra, cuyo rendimiento ha sido muy decepcionante en esta Eurocopa, se ve las caras hoy en Dortmund ante Pa\u00edses Bajos, una selecci\u00f3n que ha tenido altibajos pero que reune el talento suficiente como para ser un serio aspirante al t\u00edtulo. Seguir leyendo&#8230;<\/p>\n","protected":false},"author":0,"featured_media":14620,"comment_status":"","ping_status":"","sticky":false,"template":"","format":"standard","meta":{"_et_pb_use_builder":"","_et_pb_old_content":"","_et_gb_content_width":"","footnotes":""},"categories":[1],"tags":[],"class_list":["post-14619","post","type-post","status-publish","format-standard","has-post-thumbnail","hentry","category-blog","et-has-post-format-content","et_post_format-et-post-format-standard"],"_links":{"self":[{"href":"https:\/\/trayectoriadeportiva.com\/index.php\/wp-json\/wp\/v2\/posts\/14619","targetHints":{"allow":["GET"]}}],"collection":[{"href":"https:\/\/trayectoriadeportiva.com\/index.php\/wp-json\/wp\/v2\/posts"}],"about":[{"href":"https:\/\/trayectoriadeportiva.com\/index.php\/wp-json\/wp\/v2\/types\/post"}],"replies":[{"embeddable":true,"href":"https:\/\/trayectoriadeportiva.com\/index.php\/wp-json\/wp\/v2\/comments?post=14619"}],"version-history":[{"count":0,"href":"https:\/\/trayectoriadeportiva.com\/index.php\/wp-json\/wp\/v2\/posts\/14619\/revisions"}],"wp:featuredmedia":[{"embeddable":true,"href":"https:\/\/trayectoriadeportiva.com\/index.php\/wp-json\/wp\/v2\/media\/14620"}],"wp:attachment":[{"href":"https:\/\/trayectoriadeportiva.com\/index.php\/wp-json\/wp\/v2\/media?parent=14619"}],"wp:term":[{"taxonomy":"category","embeddable":true,"href":"https:\/\/trayectoriadeportiva.com\/index.php\/wp-json\/wp\/v2\/categories?post=14619"},{"taxonomy":"post_tag","embeddable":true,"href":"https:\/\/trayectoriadeportiva.com\/index.php\/wp-json\/wp\/v2\/tags?post=14619"}],"curies":[{"name":"wp","href":"https:\/\/api.w.org\/{rel}","templated":true}]}}