{"id":14737,"date":"2024-07-13T15:19:00","date_gmt":"2024-07-13T15:19:00","guid":{"rendered":"https:\/\/trayectoriadeportiva.com\/index.php\/2024\/07\/13\/la-licencia-del-nou-mestalla-aforo-de-70-000-30-meses-de-obra-y-garantias-si-no-arranca\/"},"modified":"2024-07-13T15:19:00","modified_gmt":"2024-07-13T15:19:00","slug":"la-licencia-del-nou-mestalla-aforo-de-70-000-30-meses-de-obra-y-garantias-si-no-arranca","status":"publish","type":"post","link":"https:\/\/trayectoriadeportiva.com\/index.php\/2024\/07\/13\/la-licencia-del-nou-mestalla-aforo-de-70-000-30-meses-de-obra-y-garantias-si-no-arranca\/","title":{"rendered":"La licencia del Nou Mestalla: aforo de 70.000, 30 meses de obra y garant\u00edas si no arranca"},"content":{"rendered":"<p>El Ayuntamiento de Val\u00e8ncia concedi\u00f3 este viernes al Valencia CF la licencia para retomar las obras del Nou Mestalla, un estadio que exige que sea de 70.000 espectadores y que el club deber\u00e1 acabar en un plazo m\u00e1ximo de treinta meses una vez retome las obras, porque si no el consistorio le retirar\u00eda los beneficios urban\u00edsticos que tiene, igual que si vuelve a pararlas.<\/p>\n<p><a href=\"https:\/\/www.lavanguardia.com\/local\/valencia\/20240713\/9802722\/licencia-nou-mestalla-aforo-70-000-30-meses-obra-garantias-arranca-agenciaslv20240712.html\">Seguir leyendo&#8230;<\/a><\/p>","protected":false},"excerpt":{"rendered":"<p>El Ayuntamiento de Val\u00e8ncia concedi\u00f3 este viernes al Valencia CF la licencia para retomar las obras del Nou Mestalla, un estadio que exige que sea de 70.000 espectadores y que el club deber\u00e1 acabar en un plazo m\u00e1ximo de treinta meses una vez retome las obras, porque si no el consistorio le retirar\u00eda los beneficios [&hellip;]<\/p>\n","protected":false},"author":0,"featured_media":14738,"comment_status":"","ping_status":"","sticky":false,"template":"","format":"standard","meta":{"_et_pb_use_builder":"","_et_pb_old_content":"","_et_gb_content_width":"","footnotes":""},"categories":[1],"tags":[],"class_list":["post-14737","post","type-post","status-publish","format-standard","has-post-thumbnail","hentry","category-blog","et-has-post-format-content","et_post_format-et-post-format-standard"],"_links":{"self":[{"href":"https:\/\/trayectoriadeportiva.com\/index.php\/wp-json\/wp\/v2\/posts\/14737","targetHints":{"allow":["GET"]}}],"collection":[{"href":"https:\/\/trayectoriadeportiva.com\/index.php\/wp-json\/wp\/v2\/posts"}],"about":[{"href":"https:\/\/trayectoriadeportiva.com\/index.php\/wp-json\/wp\/v2\/types\/post"}],"replies":[{"embeddable":true,"href":"https:\/\/trayectoriadeportiva.com\/index.php\/wp-json\/wp\/v2\/comments?post=14737"}],"version-history":[{"count":0,"href":"https:\/\/trayectoriadeportiva.com\/index.php\/wp-json\/wp\/v2\/posts\/14737\/revisions"}],"wp:featuredmedia":[{"embeddable":true,"href":"https:\/\/trayectoriadeportiva.com\/index.php\/wp-json\/wp\/v2\/media\/14738"}],"wp:attachment":[{"href":"https:\/\/trayectoriadeportiva.com\/index.php\/wp-json\/wp\/v2\/media?parent=14737"}],"wp:term":[{"taxonomy":"category","embeddable":true,"href":"https:\/\/trayectoriadeportiva.com\/index.php\/wp-json\/wp\/v2\/categories?post=14737"},{"taxonomy":"post_tag","embeddable":true,"href":"https:\/\/trayectoriadeportiva.com\/index.php\/wp-json\/wp\/v2\/tags?post=14737"}],"curies":[{"name":"wp","href":"https:\/\/api.w.org\/{rel}","templated":true}]}}