{"id":14773,"date":"2024-07-14T04:00:00","date_gmt":"2024-07-14T04:00:00","guid":{"rendered":"https:\/\/trayectoriadeportiva.com\/index.php\/2024\/07\/14\/kevin-shoebridge-por-delante-de-la-regata-preliminar\/"},"modified":"2024-07-14T04:00:00","modified_gmt":"2024-07-14T04:00:00","slug":"kevin-shoebridge-por-delante-de-la-regata-preliminar","status":"publish","type":"post","link":"https:\/\/trayectoriadeportiva.com\/index.php\/2024\/07\/14\/kevin-shoebridge-por-delante-de-la-regata-preliminar\/","title":{"rendered":"Kevin Shoebridge por delante de la regata preliminar"},"content":{"rendered":"<p>Es el director de operaciones del Emirates Team New Zealand y ahora compite intensamente en su d\u00e9cima Copa del Am\u00e9rica. Comenz\u00f3 como trimmer a bordo del &#8216;Plastic Fantastic&#8217; KZ7 del primer equipo de Nueva Zelanda en 1987. Recientemente fue incluido en el Sal\u00f3n de la Fama de la Copa del Am\u00e9rica. Kevin Shoebridge, conocido en todas partes como &#8216;Shoeb&#8217;, es en gran medida un punto focal para todos en el Emirates Team New Zealand con una voluntad de \u00e9xito reconocida en los c\u00edrculos de la Copa del Am\u00e9rica.<\/p>\n<p><a href=\"https:\/\/www.lavanguardia.com\/deportes\/vela\/20240714\/9802661\/kevin-shoebridge-delante-regata-preliminar.html\">Seguir leyendo&#8230;<\/a><\/p>","protected":false},"excerpt":{"rendered":"<p>Es el director de operaciones del Emirates Team New Zealand y ahora compite intensamente en su d\u00e9cima Copa del Am\u00e9rica. Comenz\u00f3 como trimmer a bordo del &#8216;Plastic Fantastic&#8217; KZ7 del primer equipo de Nueva Zelanda en 1987. Recientemente fue incluido en el Sal\u00f3n de la Fama de la Copa del Am\u00e9rica. Kevin Shoebridge, conocido en [&hellip;]<\/p>\n","protected":false},"author":0,"featured_media":14774,"comment_status":"","ping_status":"","sticky":false,"template":"","format":"standard","meta":{"_et_pb_use_builder":"","_et_pb_old_content":"","_et_gb_content_width":"","footnotes":""},"categories":[1],"tags":[],"class_list":["post-14773","post","type-post","status-publish","format-standard","has-post-thumbnail","hentry","category-blog","et-has-post-format-content","et_post_format-et-post-format-standard"],"_links":{"self":[{"href":"https:\/\/trayectoriadeportiva.com\/index.php\/wp-json\/wp\/v2\/posts\/14773","targetHints":{"allow":["GET"]}}],"collection":[{"href":"https:\/\/trayectoriadeportiva.com\/index.php\/wp-json\/wp\/v2\/posts"}],"about":[{"href":"https:\/\/trayectoriadeportiva.com\/index.php\/wp-json\/wp\/v2\/types\/post"}],"replies":[{"embeddable":true,"href":"https:\/\/trayectoriadeportiva.com\/index.php\/wp-json\/wp\/v2\/comments?post=14773"}],"version-history":[{"count":0,"href":"https:\/\/trayectoriadeportiva.com\/index.php\/wp-json\/wp\/v2\/posts\/14773\/revisions"}],"wp:featuredmedia":[{"embeddable":true,"href":"https:\/\/trayectoriadeportiva.com\/index.php\/wp-json\/wp\/v2\/media\/14774"}],"wp:attachment":[{"href":"https:\/\/trayectoriadeportiva.com\/index.php\/wp-json\/wp\/v2\/media?parent=14773"}],"wp:term":[{"taxonomy":"category","embeddable":true,"href":"https:\/\/trayectoriadeportiva.com\/index.php\/wp-json\/wp\/v2\/categories?post=14773"},{"taxonomy":"post_tag","embeddable":true,"href":"https:\/\/trayectoriadeportiva.com\/index.php\/wp-json\/wp\/v2\/tags?post=14773"}],"curies":[{"name":"wp","href":"https:\/\/api.w.org\/{rel}","templated":true}]}}