{"id":14879,"date":"2024-07-15T16:00:00","date_gmt":"2024-07-15T16:00:00","guid":{"rendered":"https:\/\/trayectoriadeportiva.com\/index.php\/2024\/07\/15\/la-celebracion-de-espana-tras-conquistar-la-eurocopa-por-las-calles-de-madrid-en-streaming\/"},"modified":"2024-07-15T16:00:00","modified_gmt":"2024-07-15T16:00:00","slug":"la-celebracion-de-espana-tras-conquistar-la-eurocopa-por-las-calles-de-madrid-en-streaming","status":"publish","type":"post","link":"https:\/\/trayectoriadeportiva.com\/index.php\/2024\/07\/15\/la-celebracion-de-espana-tras-conquistar-la-eurocopa-por-las-calles-de-madrid-en-streaming\/","title":{"rendered":"La celebraci\u00f3n de Espa\u00f1a tras conquistar la Eurocopa por las calles de Madrid, en Streaming"},"content":{"rendered":"<p>El Ayuntamiento de Madrid ha avisado este lunes de los cortes de tr\u00e1fico que se producir\u00e1n esta tarde por la celebraci\u00f3n de Espa\u00f1a, tras ganar ayer a Inglaterra en la final de la Eurocopa, y cuya celebraci\u00f3n se va a llevar a cabo en la plaza de Cibeles y afectar\u00e1 al tr\u00e1fico de las principales calles del centro de la capital.<\/p>\n<p><a href=\"https:\/\/www.lavanguardia.com\/deportes\/20240715\/9806138\/celebracion-espana-conquistar-eurocopa-calles-madrid-streaming.html\">Seguir leyendo&#8230;<\/a><\/p>","protected":false},"excerpt":{"rendered":"<p>El Ayuntamiento de Madrid ha avisado este lunes de los cortes de tr\u00e1fico que se producir\u00e1n esta tarde por la celebraci\u00f3n de Espa\u00f1a, tras ganar ayer a Inglaterra en la final de la Eurocopa, y cuya celebraci\u00f3n se va a llevar a cabo en la plaza de Cibeles y afectar\u00e1 al tr\u00e1fico de las principales [&hellip;]<\/p>\n","protected":false},"author":0,"featured_media":14880,"comment_status":"","ping_status":"","sticky":false,"template":"","format":"standard","meta":{"_et_pb_use_builder":"","_et_pb_old_content":"","_et_gb_content_width":"","footnotes":""},"categories":[1],"tags":[],"class_list":["post-14879","post","type-post","status-publish","format-standard","has-post-thumbnail","hentry","category-blog","et-has-post-format-content","et_post_format-et-post-format-standard"],"_links":{"self":[{"href":"https:\/\/trayectoriadeportiva.com\/index.php\/wp-json\/wp\/v2\/posts\/14879","targetHints":{"allow":["GET"]}}],"collection":[{"href":"https:\/\/trayectoriadeportiva.com\/index.php\/wp-json\/wp\/v2\/posts"}],"about":[{"href":"https:\/\/trayectoriadeportiva.com\/index.php\/wp-json\/wp\/v2\/types\/post"}],"replies":[{"embeddable":true,"href":"https:\/\/trayectoriadeportiva.com\/index.php\/wp-json\/wp\/v2\/comments?post=14879"}],"version-history":[{"count":0,"href":"https:\/\/trayectoriadeportiva.com\/index.php\/wp-json\/wp\/v2\/posts\/14879\/revisions"}],"wp:featuredmedia":[{"embeddable":true,"href":"https:\/\/trayectoriadeportiva.com\/index.php\/wp-json\/wp\/v2\/media\/14880"}],"wp:attachment":[{"href":"https:\/\/trayectoriadeportiva.com\/index.php\/wp-json\/wp\/v2\/media?parent=14879"}],"wp:term":[{"taxonomy":"category","embeddable":true,"href":"https:\/\/trayectoriadeportiva.com\/index.php\/wp-json\/wp\/v2\/categories?post=14879"},{"taxonomy":"post_tag","embeddable":true,"href":"https:\/\/trayectoriadeportiva.com\/index.php\/wp-json\/wp\/v2\/tags?post=14879"}],"curies":[{"name":"wp","href":"https:\/\/api.w.org\/{rel}","templated":true}]}}