{"id":14923,"date":"2024-07-16T10:47:13","date_gmt":"2024-07-16T10:47:13","guid":{"rendered":"https:\/\/trayectoriadeportiva.com\/index.php\/2024\/07\/16\/gareth-southgate-dimite-como-seleccionador-de-inglaterra\/"},"modified":"2024-07-16T10:47:13","modified_gmt":"2024-07-16T10:47:13","slug":"gareth-southgate-dimite-como-seleccionador-de-inglaterra","status":"publish","type":"post","link":"https:\/\/trayectoriadeportiva.com\/index.php\/2024\/07\/16\/gareth-southgate-dimite-como-seleccionador-de-inglaterra\/","title":{"rendered":"Gareth Southgate dimite como seleccionador de Inglaterra"},"content":{"rendered":"<p>Tras <a href=\"https:\/\/www.lavanguardia.com\/deportes\/futbol\/20240714\/9804380\/espana-inglaterra-eurocopa-2024-final-resumen.html\" target=\"_blank\" rel=\"noopener\">la derrota de Inglaterra en la final de la Eurocopa contra Espa\u00f1a<\/a>, el seleccionador ingl\u00e9s, Gareth Southgate, ha anunciado finalmente su dimisi\u00f3n.\u00a0\u201cEs hora de un cambio y de un nuevo cap\u00edtulo. La final del domingo en Berl\u00edn contra Espa\u00f1a fue mi \u00faltimo partido como seleccionador de Inglaterra\u201d, ha explicado en un comunicado.<\/p>\n<p><a href=\"https:\/\/www.lavanguardia.com\/deportes\/futbol\/20240716\/9808045\/gareth-southgate-dimite-seleccionador-inglaterra.html\">Seguir leyendo&#8230;<\/a><\/p>","protected":false},"excerpt":{"rendered":"<p>Tras la derrota de Inglaterra en la final de la Eurocopa contra Espa\u00f1a, el seleccionador ingl\u00e9s, Gareth Southgate, ha anunciado finalmente su dimisi\u00f3n.\u00a0\u201cEs hora de un cambio y de un nuevo cap\u00edtulo. La final del domingo en Berl\u00edn contra Espa\u00f1a fue mi \u00faltimo partido como seleccionador de Inglaterra\u201d, ha explicado en un comunicado. Seguir leyendo&#8230;<\/p>\n","protected":false},"author":0,"featured_media":14924,"comment_status":"","ping_status":"","sticky":false,"template":"","format":"standard","meta":{"_et_pb_use_builder":"","_et_pb_old_content":"","_et_gb_content_width":"","footnotes":""},"categories":[1],"tags":[],"class_list":["post-14923","post","type-post","status-publish","format-standard","has-post-thumbnail","hentry","category-blog","et-has-post-format-content","et_post_format-et-post-format-standard"],"_links":{"self":[{"href":"https:\/\/trayectoriadeportiva.com\/index.php\/wp-json\/wp\/v2\/posts\/14923","targetHints":{"allow":["GET"]}}],"collection":[{"href":"https:\/\/trayectoriadeportiva.com\/index.php\/wp-json\/wp\/v2\/posts"}],"about":[{"href":"https:\/\/trayectoriadeportiva.com\/index.php\/wp-json\/wp\/v2\/types\/post"}],"replies":[{"embeddable":true,"href":"https:\/\/trayectoriadeportiva.com\/index.php\/wp-json\/wp\/v2\/comments?post=14923"}],"version-history":[{"count":0,"href":"https:\/\/trayectoriadeportiva.com\/index.php\/wp-json\/wp\/v2\/posts\/14923\/revisions"}],"wp:featuredmedia":[{"embeddable":true,"href":"https:\/\/trayectoriadeportiva.com\/index.php\/wp-json\/wp\/v2\/media\/14924"}],"wp:attachment":[{"href":"https:\/\/trayectoriadeportiva.com\/index.php\/wp-json\/wp\/v2\/media?parent=14923"}],"wp:term":[{"taxonomy":"category","embeddable":true,"href":"https:\/\/trayectoriadeportiva.com\/index.php\/wp-json\/wp\/v2\/categories?post=14923"},{"taxonomy":"post_tag","embeddable":true,"href":"https:\/\/trayectoriadeportiva.com\/index.php\/wp-json\/wp\/v2\/tags?post=14923"}],"curies":[{"name":"wp","href":"https:\/\/api.w.org\/{rel}","templated":true}]}}