{"id":14985,"date":"2024-07-18T12:29:20","date_gmt":"2024-07-18T12:29:20","guid":{"rendered":"https:\/\/trayectoriadeportiva.com\/index.php\/2024\/07\/18\/espana-propone-11-sedes-para-el-mundial-2030\/"},"modified":"2024-07-18T12:29:20","modified_gmt":"2024-07-18T12:29:20","slug":"espana-propone-11-sedes-para-el-mundial-2030","status":"publish","type":"post","link":"https:\/\/trayectoriadeportiva.com\/index.php\/2024\/07\/18\/espana-propone-11-sedes-para-el-mundial-2030\/","title":{"rendered":"Espa\u00f1a propone 11 sedes para el Mundial 2030"},"content":{"rendered":"<p>Espa\u00f1a presentar\u00e1 a la FIFA el proyecto mundialista que tiene entre manos el pr\u00f3ximo 31 de julio. El m\u00e1ximo organismo del f\u00fatbol debe dar el visto bueno a la propuesta realizada que, seg\u00fan ha publicado el diario Marca, consta de 11 sedes en el territorio espa\u00f1ol para el Mundial de 2030 que organizar\u00e1 Espa\u00f1a de forma conjunta con Portugal y Marruecos.<\/p>\n<p><a href=\"https:\/\/www.lavanguardia.com\/deportes\/futbol\/20240718\/9813587\/espana-buscara-11-sedes-mundial-2030.html\">Seguir leyendo&#8230;<\/a><\/p>","protected":false},"excerpt":{"rendered":"<p>Espa\u00f1a presentar\u00e1 a la FIFA el proyecto mundialista que tiene entre manos el pr\u00f3ximo 31 de julio. El m\u00e1ximo organismo del f\u00fatbol debe dar el visto bueno a la propuesta realizada que, seg\u00fan ha publicado el diario Marca, consta de 11 sedes en el territorio espa\u00f1ol para el Mundial de 2030 que organizar\u00e1 Espa\u00f1a de [&hellip;]<\/p>\n","protected":false},"author":0,"featured_media":14986,"comment_status":"","ping_status":"","sticky":false,"template":"","format":"standard","meta":{"_et_pb_use_builder":"","_et_pb_old_content":"","_et_gb_content_width":"","footnotes":""},"categories":[1],"tags":[],"class_list":["post-14985","post","type-post","status-publish","format-standard","has-post-thumbnail","hentry","category-blog","et-has-post-format-content","et_post_format-et-post-format-standard"],"_links":{"self":[{"href":"https:\/\/trayectoriadeportiva.com\/index.php\/wp-json\/wp\/v2\/posts\/14985","targetHints":{"allow":["GET"]}}],"collection":[{"href":"https:\/\/trayectoriadeportiva.com\/index.php\/wp-json\/wp\/v2\/posts"}],"about":[{"href":"https:\/\/trayectoriadeportiva.com\/index.php\/wp-json\/wp\/v2\/types\/post"}],"replies":[{"embeddable":true,"href":"https:\/\/trayectoriadeportiva.com\/index.php\/wp-json\/wp\/v2\/comments?post=14985"}],"version-history":[{"count":0,"href":"https:\/\/trayectoriadeportiva.com\/index.php\/wp-json\/wp\/v2\/posts\/14985\/revisions"}],"wp:featuredmedia":[{"embeddable":true,"href":"https:\/\/trayectoriadeportiva.com\/index.php\/wp-json\/wp\/v2\/media\/14986"}],"wp:attachment":[{"href":"https:\/\/trayectoriadeportiva.com\/index.php\/wp-json\/wp\/v2\/media?parent=14985"}],"wp:term":[{"taxonomy":"category","embeddable":true,"href":"https:\/\/trayectoriadeportiva.com\/index.php\/wp-json\/wp\/v2\/categories?post=14985"},{"taxonomy":"post_tag","embeddable":true,"href":"https:\/\/trayectoriadeportiva.com\/index.php\/wp-json\/wp\/v2\/tags?post=14985"}],"curies":[{"name":"wp","href":"https:\/\/api.w.org\/{rel}","templated":true}]}}