{"id":14989,"date":"2024-07-18T15:59:21","date_gmt":"2024-07-18T15:59:21","guid":{"rendered":"https:\/\/trayectoriadeportiva.com\/index.php\/2024\/07\/18\/el-real-madrid-busca-un-portero-y-un-central\/"},"modified":"2024-07-18T15:59:21","modified_gmt":"2024-07-18T15:59:21","slug":"el-real-madrid-busca-un-portero-y-un-central","status":"publish","type":"post","link":"https:\/\/trayectoriadeportiva.com\/index.php\/2024\/07\/18\/el-real-madrid-busca-un-portero-y-un-central\/","title":{"rendered":"El Real Madrid busca un portero y un central"},"content":{"rendered":"<p>Terminado el culebr\u00f3n de Mbapp\u00e9 con su presentaci\u00f3n en el Bernab\u00e9u el martes, el Madrid aborda ahora la configuraci\u00f3n del resto de la plantilla. Sabido ya que  Kroos, Joselu y Nacho no siguen y que Luka Modric y Lucas V\u00e1zquez han renovado, son varios los temas pendientes: el m\u00e1s candente el de la porter\u00eda, aunque tambi\u00e9n el club valora el fichar a otro central.<\/p>\n<p><a href=\"https:\/\/www.lavanguardia.com\/deportes\/real-madrid\/20240718\/9814427\/real-madrid-busca-portero-central.html\">Seguir leyendo&#8230;<\/a><\/p>","protected":false},"excerpt":{"rendered":"<p>Terminado el culebr\u00f3n de Mbapp\u00e9 con su presentaci\u00f3n en el Bernab\u00e9u el martes, el Madrid aborda ahora la configuraci\u00f3n del resto de la plantilla. Sabido ya que Kroos, Joselu y Nacho no siguen y que Luka Modric y Lucas V\u00e1zquez han renovado, son varios los temas pendientes: el m\u00e1s candente el de la porter\u00eda, aunque [&hellip;]<\/p>\n","protected":false},"author":0,"featured_media":14990,"comment_status":"","ping_status":"","sticky":false,"template":"","format":"standard","meta":{"_et_pb_use_builder":"","_et_pb_old_content":"","_et_gb_content_width":"","footnotes":""},"categories":[1],"tags":[],"class_list":["post-14989","post","type-post","status-publish","format-standard","has-post-thumbnail","hentry","category-blog","et-has-post-format-content","et_post_format-et-post-format-standard"],"_links":{"self":[{"href":"https:\/\/trayectoriadeportiva.com\/index.php\/wp-json\/wp\/v2\/posts\/14989","targetHints":{"allow":["GET"]}}],"collection":[{"href":"https:\/\/trayectoriadeportiva.com\/index.php\/wp-json\/wp\/v2\/posts"}],"about":[{"href":"https:\/\/trayectoriadeportiva.com\/index.php\/wp-json\/wp\/v2\/types\/post"}],"replies":[{"embeddable":true,"href":"https:\/\/trayectoriadeportiva.com\/index.php\/wp-json\/wp\/v2\/comments?post=14989"}],"version-history":[{"count":0,"href":"https:\/\/trayectoriadeportiva.com\/index.php\/wp-json\/wp\/v2\/posts\/14989\/revisions"}],"wp:featuredmedia":[{"embeddable":true,"href":"https:\/\/trayectoriadeportiva.com\/index.php\/wp-json\/wp\/v2\/media\/14990"}],"wp:attachment":[{"href":"https:\/\/trayectoriadeportiva.com\/index.php\/wp-json\/wp\/v2\/media?parent=14989"}],"wp:term":[{"taxonomy":"category","embeddable":true,"href":"https:\/\/trayectoriadeportiva.com\/index.php\/wp-json\/wp\/v2\/categories?post=14989"},{"taxonomy":"post_tag","embeddable":true,"href":"https:\/\/trayectoriadeportiva.com\/index.php\/wp-json\/wp\/v2\/tags?post=14989"}],"curies":[{"name":"wp","href":"https:\/\/api.w.org\/{rel}","templated":true}]}}