{"id":15039,"date":"2024-07-20T09:10:04","date_gmt":"2024-07-20T09:10:04","guid":{"rendered":"https:\/\/trayectoriadeportiva.com\/index.php\/2024\/07\/20\/malestar-en-valencia-y-vigo-por-quedarse-fuera-del-mundial-2030\/"},"modified":"2024-07-20T09:10:04","modified_gmt":"2024-07-20T09:10:04","slug":"malestar-en-valencia-y-vigo-por-quedarse-fuera-del-mundial-2030","status":"publish","type":"post","link":"https:\/\/trayectoriadeportiva.com\/index.php\/2024\/07\/20\/malestar-en-valencia-y-vigo-por-quedarse-fuera-del-mundial-2030\/","title":{"rendered":"Malestar en Valencia y Vigo por quedarse fuera del Mundial 2030"},"content":{"rendered":"<p>La elecci\u00f3n de las once sedes espa\u00f1olas para el Mundial 2030 que se celebrar\u00e1 en Espa\u00f1a, Marruecos y Portugal ha supuesto una enorme alegr\u00eda en muchas ciudades, pero tambi\u00e9n ha provocado enfado e incomprensi\u00f3n en otras, como en Valencia y Vigo. En la Comunitat ha sido el Valencia el que ha \u201clamentado\u201d la exclusi\u00f3n de su ciudad y del Nou Mestalla por parte de la Real Federaci\u00f3n Espa\u00f1ola de F\u00fatbol, se\u00f1alando que le \u201csorprende\u201d esa \u201cmedida\u201d federativa. Tampoco estuvo conforme Vigo, que critic\u00f3 duramente al organismo que rige el f\u00fatbol espa\u00f1ol, tambi\u00e9n a la federaci\u00f3n gallega de quien dijo que favoreci\u00f3 a Riazor, y habla de decisiones pol\u00edticas en contra del Ayuntamiento vigu\u00e9s.<\/p>\n<p><a href=\"https:\/\/www.lavanguardia.com\/deportes\/futbol\/20240720\/9817799\/valencia-vigo-mundial-2030-espana-sedes.html\">Seguir leyendo&#8230;<\/a><\/p>","protected":false},"excerpt":{"rendered":"<p>La elecci\u00f3n de las once sedes espa\u00f1olas para el Mundial 2030 que se celebrar\u00e1 en Espa\u00f1a, Marruecos y Portugal ha supuesto una enorme alegr\u00eda en muchas ciudades, pero tambi\u00e9n ha provocado enfado e incomprensi\u00f3n en otras, como en Valencia y Vigo. En la Comunitat ha sido el Valencia el que ha \u201clamentado\u201d la exclusi\u00f3n de [&hellip;]<\/p>\n","protected":false},"author":0,"featured_media":15040,"comment_status":"","ping_status":"","sticky":false,"template":"","format":"standard","meta":{"_et_pb_use_builder":"","_et_pb_old_content":"","_et_gb_content_width":"","footnotes":""},"categories":[1],"tags":[],"class_list":["post-15039","post","type-post","status-publish","format-standard","has-post-thumbnail","hentry","category-blog","et-has-post-format-content","et_post_format-et-post-format-standard"],"_links":{"self":[{"href":"https:\/\/trayectoriadeportiva.com\/index.php\/wp-json\/wp\/v2\/posts\/15039","targetHints":{"allow":["GET"]}}],"collection":[{"href":"https:\/\/trayectoriadeportiva.com\/index.php\/wp-json\/wp\/v2\/posts"}],"about":[{"href":"https:\/\/trayectoriadeportiva.com\/index.php\/wp-json\/wp\/v2\/types\/post"}],"replies":[{"embeddable":true,"href":"https:\/\/trayectoriadeportiva.com\/index.php\/wp-json\/wp\/v2\/comments?post=15039"}],"version-history":[{"count":0,"href":"https:\/\/trayectoriadeportiva.com\/index.php\/wp-json\/wp\/v2\/posts\/15039\/revisions"}],"wp:featuredmedia":[{"embeddable":true,"href":"https:\/\/trayectoriadeportiva.com\/index.php\/wp-json\/wp\/v2\/media\/15040"}],"wp:attachment":[{"href":"https:\/\/trayectoriadeportiva.com\/index.php\/wp-json\/wp\/v2\/media?parent=15039"}],"wp:term":[{"taxonomy":"category","embeddable":true,"href":"https:\/\/trayectoriadeportiva.com\/index.php\/wp-json\/wp\/v2\/categories?post=15039"},{"taxonomy":"post_tag","embeddable":true,"href":"https:\/\/trayectoriadeportiva.com\/index.php\/wp-json\/wp\/v2\/tags?post=15039"}],"curies":[{"name":"wp","href":"https:\/\/api.w.org\/{rel}","templated":true}]}}