{"id":15110,"date":"2024-07-22T04:00:00","date_gmt":"2024-07-22T04:00:00","guid":{"rendered":"https:\/\/trayectoriadeportiva.com\/index.php\/2024\/07\/22\/fermi-puig-cruyffista-audaz-y-generoso\/"},"modified":"2024-07-22T04:00:00","modified_gmt":"2024-07-22T04:00:00","slug":"fermi-puig-cruyffista-audaz-y-generoso","status":"publish","type":"post","link":"https:\/\/trayectoriadeportiva.com\/index.php\/2024\/07\/22\/fermi-puig-cruyffista-audaz-y-generoso\/","title":{"rendered":"Ferm\u00ed Puig: cruyffista, audaz y generoso"},"content":{"rendered":"<p>Se\u00f1ales: <a href=\"https:\/\/www.lavanguardia.com\/comer\/al-dia\/20240719\/9815808\/fermi-puig-muere-cocinero.html\">que el d\u00eda que se anuncia la muerte<\/a> \u2013seguro que quiso evitar el 18 de julio\u2013 de Ferm\u00ed Puig el mundo sufra un colapso inform\u00e1tico. Que los mismos que le negaron premios nacionales y otras distinciones se apresuren a desplegarle el tipo de alfombras rojas que, por \u00e9tica y est\u00e9tica, detestaba. Que el d\u00eda de su funeral, que en principio deb\u00eda ser canicular, llueva a c\u00e1ntaros y que los que circulamos hacia el tanatorio de Granollers estemos a punto de matarnos dos o tres veces. Que su recuerdo inspire necrol\u00f3gicas emocionantes, incluida la del presidente Laporta, que, quiz\u00e1 porque habla de sentimientos y de comida y no tiene que hacer propaganda gaseosa, est\u00e1 especialmente inspirado.<\/p>\n<p><a href=\"https:\/\/www.lavanguardia.com\/deportes\/20240722\/9819732\/fermi-puig-cruyffista-audaz-generoso.html\">Seguir leyendo&#8230;<\/a><\/p>","protected":false},"excerpt":{"rendered":"<p>Se\u00f1ales: que el d\u00eda que se anuncia la muerte \u2013seguro que quiso evitar el 18 de julio\u2013 de Ferm\u00ed Puig el mundo sufra un colapso inform\u00e1tico. Que los mismos que le negaron premios nacionales y otras distinciones se apresuren a desplegarle el tipo de alfombras rojas que, por \u00e9tica y est\u00e9tica, detestaba. Que el d\u00eda [&hellip;]<\/p>\n","protected":false},"author":0,"featured_media":15111,"comment_status":"","ping_status":"","sticky":false,"template":"","format":"standard","meta":{"_et_pb_use_builder":"","_et_pb_old_content":"","_et_gb_content_width":"","footnotes":""},"categories":[1],"tags":[],"class_list":["post-15110","post","type-post","status-publish","format-standard","has-post-thumbnail","hentry","category-blog","et-has-post-format-content","et_post_format-et-post-format-standard"],"_links":{"self":[{"href":"https:\/\/trayectoriadeportiva.com\/index.php\/wp-json\/wp\/v2\/posts\/15110","targetHints":{"allow":["GET"]}}],"collection":[{"href":"https:\/\/trayectoriadeportiva.com\/index.php\/wp-json\/wp\/v2\/posts"}],"about":[{"href":"https:\/\/trayectoriadeportiva.com\/index.php\/wp-json\/wp\/v2\/types\/post"}],"replies":[{"embeddable":true,"href":"https:\/\/trayectoriadeportiva.com\/index.php\/wp-json\/wp\/v2\/comments?post=15110"}],"version-history":[{"count":0,"href":"https:\/\/trayectoriadeportiva.com\/index.php\/wp-json\/wp\/v2\/posts\/15110\/revisions"}],"wp:featuredmedia":[{"embeddable":true,"href":"https:\/\/trayectoriadeportiva.com\/index.php\/wp-json\/wp\/v2\/media\/15111"}],"wp:attachment":[{"href":"https:\/\/trayectoriadeportiva.com\/index.php\/wp-json\/wp\/v2\/media?parent=15110"}],"wp:term":[{"taxonomy":"category","embeddable":true,"href":"https:\/\/trayectoriadeportiva.com\/index.php\/wp-json\/wp\/v2\/categories?post=15110"},{"taxonomy":"post_tag","embeddable":true,"href":"https:\/\/trayectoriadeportiva.com\/index.php\/wp-json\/wp\/v2\/tags?post=15110"}],"curies":[{"name":"wp","href":"https:\/\/api.w.org\/{rel}","templated":true}]}}