{"id":15144,"date":"2024-07-22T22:00:00","date_gmt":"2024-07-22T22:00:00","guid":{"rendered":"https:\/\/trayectoriadeportiva.com\/index.php\/2024\/07\/22\/el-libreto-de-hansi-flick\/"},"modified":"2024-07-22T22:00:00","modified_gmt":"2024-07-22T22:00:00","slug":"el-libreto-de-hansi-flick","status":"publish","type":"post","link":"https:\/\/trayectoriadeportiva.com\/index.php\/2024\/07\/22\/el-libreto-de-hansi-flick\/","title":{"rendered":"El libreto de Hansi Flick"},"content":{"rendered":"<p>Cuando Hansi Flick se levanta, le gusta tomar un buen caf\u00e9. Adora a su familia y le gusta cuidar sus relaciones personales y amistosas. Pero por encima de todo, el nuevo t\u00e9cnico del Barcelona adora ser abuelo. Hansi Flick conoci\u00f3 a la que hoy es su esposa, Silke, con 18 a\u00f1os. Ella ten\u00eda 15. Se casaron en 1987 y tuvieron a dos hijas: Kathrin y Hannah, que nacieron en 1989 y 1991. La peque\u00f1a, Hannah Flick, es fot\u00f3grafa y le ha convertido en abuelo dos veces. A Flick le encanta jugar con ellos al Lego. \u201cSer abuelo es una experiencia. Es lo mejor que me ha pasado. Mi familia es lo m\u00e1s importante para m\u00ed y sobre todo hay que tener salud\u201d, a\u00f1adi\u00f3 en la entrevista que concedi\u00f3 a la plataforma Bar\u00e7a One. No lo explic\u00f3. Pero se refer\u00eda a un cap\u00edtulo dif\u00edcil de su vida. En 2010 a su esposa Silke le diagnosticaron c\u00e1ncer de mama. Aquella situaci\u00f3n cambi\u00f3 sus prioridades.<\/p>\n<p><a href=\"https:\/\/www.lavanguardia.com\/deportes\/fc-barcelona\/20240723\/9822242\/libreto-hansi-flick.html\">Seguir leyendo&#8230;<\/a><\/p>","protected":false},"excerpt":{"rendered":"<p>Cuando Hansi Flick se levanta, le gusta tomar un buen caf\u00e9. Adora a su familia y le gusta cuidar sus relaciones personales y amistosas. Pero por encima de todo, el nuevo t\u00e9cnico del Barcelona adora ser abuelo. Hansi Flick conoci\u00f3 a la que hoy es su esposa, Silke, con 18 a\u00f1os. Ella ten\u00eda 15. Se [&hellip;]<\/p>\n","protected":false},"author":0,"featured_media":15145,"comment_status":"","ping_status":"","sticky":false,"template":"","format":"standard","meta":{"_et_pb_use_builder":"","_et_pb_old_content":"","_et_gb_content_width":"","footnotes":""},"categories":[1],"tags":[],"class_list":["post-15144","post","type-post","status-publish","format-standard","has-post-thumbnail","hentry","category-blog","et-has-post-format-content","et_post_format-et-post-format-standard"],"_links":{"self":[{"href":"https:\/\/trayectoriadeportiva.com\/index.php\/wp-json\/wp\/v2\/posts\/15144","targetHints":{"allow":["GET"]}}],"collection":[{"href":"https:\/\/trayectoriadeportiva.com\/index.php\/wp-json\/wp\/v2\/posts"}],"about":[{"href":"https:\/\/trayectoriadeportiva.com\/index.php\/wp-json\/wp\/v2\/types\/post"}],"replies":[{"embeddable":true,"href":"https:\/\/trayectoriadeportiva.com\/index.php\/wp-json\/wp\/v2\/comments?post=15144"}],"version-history":[{"count":0,"href":"https:\/\/trayectoriadeportiva.com\/index.php\/wp-json\/wp\/v2\/posts\/15144\/revisions"}],"wp:featuredmedia":[{"embeddable":true,"href":"https:\/\/trayectoriadeportiva.com\/index.php\/wp-json\/wp\/v2\/media\/15145"}],"wp:attachment":[{"href":"https:\/\/trayectoriadeportiva.com\/index.php\/wp-json\/wp\/v2\/media?parent=15144"}],"wp:term":[{"taxonomy":"category","embeddable":true,"href":"https:\/\/trayectoriadeportiva.com\/index.php\/wp-json\/wp\/v2\/categories?post=15144"},{"taxonomy":"post_tag","embeddable":true,"href":"https:\/\/trayectoriadeportiva.com\/index.php\/wp-json\/wp\/v2\/tags?post=15144"}],"curies":[{"name":"wp","href":"https:\/\/api.w.org\/{rel}","templated":true}]}}