{"id":15216,"date":"2024-07-24T16:27:57","date_gmt":"2024-07-24T16:27:57","guid":{"rendered":"https:\/\/trayectoriadeportiva.com\/index.php\/2024\/07\/24\/jannik-sinner-numero-uno-del-mundo-renuncia-a-los-juegos-de-paris\/"},"modified":"2024-07-24T16:27:57","modified_gmt":"2024-07-24T16:27:57","slug":"jannik-sinner-numero-uno-del-mundo-renuncia-a-los-juegos-de-paris","status":"publish","type":"post","link":"https:\/\/trayectoriadeportiva.com\/index.php\/2024\/07\/24\/jannik-sinner-numero-uno-del-mundo-renuncia-a-los-juegos-de-paris\/","title":{"rendered":"Jannik Sinner, n\u00famero uno del mundo, renuncia a los Juegos de Par\u00eds"},"content":{"rendered":"<p>El n\u00famero uno del mundo, el italiano Jannik Sinner, ha anunciado a trav\u00e9s de sus redes sociales que renuncia\u00a0a disputar el torneo de tenis de los Juegos Ol\u00edmpicos de Par\u00eds 2024 a causa de una inflamaci\u00f3n en las am\u00edgdalas.<\/p>\n<p><a href=\"https:\/\/www.lavanguardia.com\/deportes\/20240724\/9827240\/jannik-sinner-numero-mundo-renuncia-juegos-olimpicos-paris.html\">Seguir leyendo&#8230;<\/a><\/p>","protected":false},"excerpt":{"rendered":"<p>El n\u00famero uno del mundo, el italiano Jannik Sinner, ha anunciado a trav\u00e9s de sus redes sociales que renuncia\u00a0a disputar el torneo de tenis de los Juegos Ol\u00edmpicos de Par\u00eds 2024 a causa de una inflamaci\u00f3n en las am\u00edgdalas. Seguir leyendo&#8230;<\/p>\n","protected":false},"author":0,"featured_media":15217,"comment_status":"","ping_status":"","sticky":false,"template":"","format":"standard","meta":{"_et_pb_use_builder":"","_et_pb_old_content":"","_et_gb_content_width":"","footnotes":""},"categories":[1],"tags":[],"class_list":["post-15216","post","type-post","status-publish","format-standard","has-post-thumbnail","hentry","category-blog","et-has-post-format-content","et_post_format-et-post-format-standard"],"_links":{"self":[{"href":"https:\/\/trayectoriadeportiva.com\/index.php\/wp-json\/wp\/v2\/posts\/15216","targetHints":{"allow":["GET"]}}],"collection":[{"href":"https:\/\/trayectoriadeportiva.com\/index.php\/wp-json\/wp\/v2\/posts"}],"about":[{"href":"https:\/\/trayectoriadeportiva.com\/index.php\/wp-json\/wp\/v2\/types\/post"}],"replies":[{"embeddable":true,"href":"https:\/\/trayectoriadeportiva.com\/index.php\/wp-json\/wp\/v2\/comments?post=15216"}],"version-history":[{"count":0,"href":"https:\/\/trayectoriadeportiva.com\/index.php\/wp-json\/wp\/v2\/posts\/15216\/revisions"}],"wp:featuredmedia":[{"embeddable":true,"href":"https:\/\/trayectoriadeportiva.com\/index.php\/wp-json\/wp\/v2\/media\/15217"}],"wp:attachment":[{"href":"https:\/\/trayectoriadeportiva.com\/index.php\/wp-json\/wp\/v2\/media?parent=15216"}],"wp:term":[{"taxonomy":"category","embeddable":true,"href":"https:\/\/trayectoriadeportiva.com\/index.php\/wp-json\/wp\/v2\/categories?post=15216"},{"taxonomy":"post_tag","embeddable":true,"href":"https:\/\/trayectoriadeportiva.com\/index.php\/wp-json\/wp\/v2\/tags?post=15216"}],"curies":[{"name":"wp","href":"https:\/\/api.w.org\/{rel}","templated":true}]}}