{"id":15268,"date":"2024-07-25T18:24:27","date_gmt":"2024-07-25T18:24:27","guid":{"rendered":"https:\/\/trayectoriadeportiva.com\/index.php\/2024\/07\/25\/los-reyes-reciben-a-los-deportistas-en-paris-antes-de-los-juegos-mucho-animo-y-a-por-todas\/"},"modified":"2024-07-25T18:24:27","modified_gmt":"2024-07-25T18:24:27","slug":"los-reyes-reciben-a-los-deportistas-en-paris-antes-de-los-juegos-mucho-animo-y-a-por-todas","status":"publish","type":"post","link":"https:\/\/trayectoriadeportiva.com\/index.php\/2024\/07\/25\/los-reyes-reciben-a-los-deportistas-en-paris-antes-de-los-juegos-mucho-animo-y-a-por-todas\/","title":{"rendered":"Los Reyes reciben a los deportistas en Par\u00eds antes de los Juegos: \u201cMucho \u00e1nimo y a por todas\u201d"},"content":{"rendered":"<p>El rey Felipe VI y la reina Letizia ofrecieron este jueves una recepci\u00f3n oficial al equipo espa\u00f1ol de los Juegos de Paris 2024 en un acto celebrado en la embajada de Espa\u00f1a en Par\u00eds, donde el monarca record\u00f3 a los deportistas que ser ol\u00edmpico \u201ces ya un gran \u00e9xito\u201d y se mostr\u00f3 optimista con las opciones de \u00e9xito.<\/p>\n<p><a href=\"https:\/\/www.lavanguardia.com\/deportes\/20240725\/9829870\/rey-felipe-vi-recibe-deportistas-juegos-olimpicos-paris-2024.html\">Seguir leyendo&#8230;<\/a><\/p>","protected":false},"excerpt":{"rendered":"<p>El rey Felipe VI y la reina Letizia ofrecieron este jueves una recepci\u00f3n oficial al equipo espa\u00f1ol de los Juegos de Paris 2024 en un acto celebrado en la embajada de Espa\u00f1a en Par\u00eds, donde el monarca record\u00f3 a los deportistas que ser ol\u00edmpico \u201ces ya un gran \u00e9xito\u201d y se mostr\u00f3 optimista con las [&hellip;]<\/p>\n","protected":false},"author":0,"featured_media":15269,"comment_status":"","ping_status":"","sticky":false,"template":"","format":"standard","meta":{"_et_pb_use_builder":"","_et_pb_old_content":"","_et_gb_content_width":"","footnotes":""},"categories":[1],"tags":[],"class_list":["post-15268","post","type-post","status-publish","format-standard","has-post-thumbnail","hentry","category-blog","et-has-post-format-content","et_post_format-et-post-format-standard"],"_links":{"self":[{"href":"https:\/\/trayectoriadeportiva.com\/index.php\/wp-json\/wp\/v2\/posts\/15268","targetHints":{"allow":["GET"]}}],"collection":[{"href":"https:\/\/trayectoriadeportiva.com\/index.php\/wp-json\/wp\/v2\/posts"}],"about":[{"href":"https:\/\/trayectoriadeportiva.com\/index.php\/wp-json\/wp\/v2\/types\/post"}],"replies":[{"embeddable":true,"href":"https:\/\/trayectoriadeportiva.com\/index.php\/wp-json\/wp\/v2\/comments?post=15268"}],"version-history":[{"count":0,"href":"https:\/\/trayectoriadeportiva.com\/index.php\/wp-json\/wp\/v2\/posts\/15268\/revisions"}],"wp:featuredmedia":[{"embeddable":true,"href":"https:\/\/trayectoriadeportiva.com\/index.php\/wp-json\/wp\/v2\/media\/15269"}],"wp:attachment":[{"href":"https:\/\/trayectoriadeportiva.com\/index.php\/wp-json\/wp\/v2\/media?parent=15268"}],"wp:term":[{"taxonomy":"category","embeddable":true,"href":"https:\/\/trayectoriadeportiva.com\/index.php\/wp-json\/wp\/v2\/categories?post=15268"},{"taxonomy":"post_tag","embeddable":true,"href":"https:\/\/trayectoriadeportiva.com\/index.php\/wp-json\/wp\/v2\/tags?post=15268"}],"curies":[{"name":"wp","href":"https:\/\/api.w.org\/{rel}","templated":true}]}}