{"id":15378,"date":"2024-07-27T13:23:52","date_gmt":"2024-07-27T13:23:52","guid":{"rendered":"https:\/\/trayectoriadeportiva.com\/index.php\/2024\/07\/27\/alcaraz-despega-en-paris-con-victoria-y-diversion\/"},"modified":"2024-07-27T13:23:52","modified_gmt":"2024-07-27T13:23:52","slug":"alcaraz-despega-en-paris-con-victoria-y-diversion","status":"publish","type":"post","link":"https:\/\/trayectoriadeportiva.com\/index.php\/2024\/07\/27\/alcaraz-despega-en-paris-con-victoria-y-diversion\/","title":{"rendered":"Alcaraz despega en Par\u00eds con victoria y diversi\u00f3n"},"content":{"rendered":"<p>La pista Suzanne Lenglet es un clamor. Carlos Alcaraz, Carlitos, acaba de hacer acto de aparici\u00f3n. El p\u00fablico, que abarrota las gradas, rompe a aplaudir y a corear su nombre. Se asoman banderas espa\u00f1olas pero tambi\u00e9n de muchos otros pa\u00edses para jalearle. \u201cVamos, Carlitos\u201d, se escucha con acento franc\u00e9s. Si Nadal tiene una estatua en las instalaciones de Roland Garros, los seguidores tambi\u00e9n est\u00e1n adoptando al murciano, vigente campe\u00f3n del Grand Slam parisino. Pero ahora no estamos en la primavera ni en el grande parisino, sino en verano, aunque no lo parezca por la lluvia, y en los Juegos Ol\u00edmpicos. Por eso las iniciales RG que todo lo inundan normalmente en el Bois de Bologne no aparecen por ning\u00fan sitio y s\u00ed los cinco aros y los logos de Par\u00eds 2024. Bajo este tuneo se presenta Alcaraz a sus primeros Juegos y lo hace con una l\u00f3gica victoria (6-3, 6-1 en 1 hora y 10 minutos) frente al liban\u00e9s Hady Habib, de 24 a\u00f1os y n\u00famero 275 del mundo. Un rival modesto pero entusiasta. Un tenista que entr\u00f3 el otro d\u00eda en el gimnasio y se admir\u00f3 de encontrarse con Djokovic, Murray o Nadal.<\/p>\n<p><a href=\"https:\/\/www.lavanguardia.com\/deportes\/20240727\/9833385\/alcaraz.html\">Seguir leyendo&#8230;<\/a><\/p>","protected":false},"excerpt":{"rendered":"<p>La pista Suzanne Lenglet es un clamor. Carlos Alcaraz, Carlitos, acaba de hacer acto de aparici\u00f3n. El p\u00fablico, que abarrota las gradas, rompe a aplaudir y a corear su nombre. Se asoman banderas espa\u00f1olas pero tambi\u00e9n de muchos otros pa\u00edses para jalearle. \u201cVamos, Carlitos\u201d, se escucha con acento franc\u00e9s. Si Nadal tiene una estatua en [&hellip;]<\/p>\n","protected":false},"author":0,"featured_media":15379,"comment_status":"","ping_status":"","sticky":false,"template":"","format":"standard","meta":{"_et_pb_use_builder":"","_et_pb_old_content":"","_et_gb_content_width":"","footnotes":""},"categories":[1],"tags":[],"class_list":["post-15378","post","type-post","status-publish","format-standard","has-post-thumbnail","hentry","category-blog","et-has-post-format-content","et_post_format-et-post-format-standard"],"_links":{"self":[{"href":"https:\/\/trayectoriadeportiva.com\/index.php\/wp-json\/wp\/v2\/posts\/15378","targetHints":{"allow":["GET"]}}],"collection":[{"href":"https:\/\/trayectoriadeportiva.com\/index.php\/wp-json\/wp\/v2\/posts"}],"about":[{"href":"https:\/\/trayectoriadeportiva.com\/index.php\/wp-json\/wp\/v2\/types\/post"}],"replies":[{"embeddable":true,"href":"https:\/\/trayectoriadeportiva.com\/index.php\/wp-json\/wp\/v2\/comments?post=15378"}],"version-history":[{"count":0,"href":"https:\/\/trayectoriadeportiva.com\/index.php\/wp-json\/wp\/v2\/posts\/15378\/revisions"}],"wp:featuredmedia":[{"embeddable":true,"href":"https:\/\/trayectoriadeportiva.com\/index.php\/wp-json\/wp\/v2\/media\/15379"}],"wp:attachment":[{"href":"https:\/\/trayectoriadeportiva.com\/index.php\/wp-json\/wp\/v2\/media?parent=15378"}],"wp:term":[{"taxonomy":"category","embeddable":true,"href":"https:\/\/trayectoriadeportiva.com\/index.php\/wp-json\/wp\/v2\/categories?post=15378"},{"taxonomy":"post_tag","embeddable":true,"href":"https:\/\/trayectoriadeportiva.com\/index.php\/wp-json\/wp\/v2\/tags?post=15378"}],"curies":[{"name":"wp","href":"https:\/\/api.w.org\/{rel}","templated":true}]}}