{"id":15406,"date":"2024-07-27T20:10:12","date_gmt":"2024-07-27T20:10:12","guid":{"rendered":"https:\/\/trayectoriadeportiva.com\/index.php\/2024\/07\/27\/nadal-ya-veremos-si-juego-en-individuales\/"},"modified":"2024-07-27T20:10:12","modified_gmt":"2024-07-27T20:10:12","slug":"nadal-ya-veremos-si-juego-en-individuales","status":"publish","type":"post","link":"https:\/\/trayectoriadeportiva.com\/index.php\/2024\/07\/27\/nadal-ya-veremos-si-juego-en-individuales\/","title":{"rendered":"Nadal: \u201cYa veremos si juego en individuales\u201d"},"content":{"rendered":"<p>Rafa Nadal estaba feliz por la victoria en dobles junto a Carlos Alcaraz pero sigui\u00f3 dejando en duda su presencia en el cuadro de individuales. Para este domingo est\u00e1 programado su partido de primera ronda ante el h\u00fangaro Martin Fucsovics. En segunda ya le espera, por si juega y gana, el serbio Novak Djokovic. Pero Nadal sopesa muy seriamente centrarse en el doble.<\/p>\n<p><a href=\"https:\/\/www.lavanguardia.com\/deportes\/20240727\/9833927\/nadal-veremos-juego-individuales.html\">Seguir leyendo&#8230;<\/a><\/p>","protected":false},"excerpt":{"rendered":"<p>Rafa Nadal estaba feliz por la victoria en dobles junto a Carlos Alcaraz pero sigui\u00f3 dejando en duda su presencia en el cuadro de individuales. Para este domingo est\u00e1 programado su partido de primera ronda ante el h\u00fangaro Martin Fucsovics. En segunda ya le espera, por si juega y gana, el serbio Novak Djokovic. Pero [&hellip;]<\/p>\n","protected":false},"author":0,"featured_media":15407,"comment_status":"","ping_status":"","sticky":false,"template":"","format":"standard","meta":{"_et_pb_use_builder":"","_et_pb_old_content":"","_et_gb_content_width":"","footnotes":""},"categories":[1],"tags":[],"class_list":["post-15406","post","type-post","status-publish","format-standard","has-post-thumbnail","hentry","category-blog","et-has-post-format-content","et_post_format-et-post-format-standard"],"_links":{"self":[{"href":"https:\/\/trayectoriadeportiva.com\/index.php\/wp-json\/wp\/v2\/posts\/15406","targetHints":{"allow":["GET"]}}],"collection":[{"href":"https:\/\/trayectoriadeportiva.com\/index.php\/wp-json\/wp\/v2\/posts"}],"about":[{"href":"https:\/\/trayectoriadeportiva.com\/index.php\/wp-json\/wp\/v2\/types\/post"}],"replies":[{"embeddable":true,"href":"https:\/\/trayectoriadeportiva.com\/index.php\/wp-json\/wp\/v2\/comments?post=15406"}],"version-history":[{"count":0,"href":"https:\/\/trayectoriadeportiva.com\/index.php\/wp-json\/wp\/v2\/posts\/15406\/revisions"}],"wp:featuredmedia":[{"embeddable":true,"href":"https:\/\/trayectoriadeportiva.com\/index.php\/wp-json\/wp\/v2\/media\/15407"}],"wp:attachment":[{"href":"https:\/\/trayectoriadeportiva.com\/index.php\/wp-json\/wp\/v2\/media?parent=15406"}],"wp:term":[{"taxonomy":"category","embeddable":true,"href":"https:\/\/trayectoriadeportiva.com\/index.php\/wp-json\/wp\/v2\/categories?post=15406"},{"taxonomy":"post_tag","embeddable":true,"href":"https:\/\/trayectoriadeportiva.com\/index.php\/wp-json\/wp\/v2\/tags?post=15406"}],"curies":[{"name":"wp","href":"https:\/\/api.w.org\/{rel}","templated":true}]}}