{"id":15882,"date":"2024-08-03T21:25:20","date_gmt":"2024-08-03T21:25:20","guid":{"rendered":"https:\/\/trayectoriadeportiva.com\/index.php\/2024\/08\/03\/paula-badosa-volvera-a-una-final-tras-casi-tres-anos-de-sequia-en-el-wta-500-de-washington\/"},"modified":"2024-08-03T21:25:20","modified_gmt":"2024-08-03T21:25:20","slug":"paula-badosa-volvera-a-una-final-tras-casi-tres-anos-de-sequia-en-el-wta-500-de-washington","status":"publish","type":"post","link":"https:\/\/trayectoriadeportiva.com\/index.php\/2024\/08\/03\/paula-badosa-volvera-a-una-final-tras-casi-tres-anos-de-sequia-en-el-wta-500-de-washington\/","title":{"rendered":"Paula Badosa volver\u00e1 a una final tras casi tres a\u00f1os de sequ\u00eda en el WTA 500 de Washington"},"content":{"rendered":"<p>Paula Badosa se cuela en una final dos a\u00f1os y siete meses desp\u00faes. La catalano-neoyorkina disputar\u00e1 el titulo del WTA 500 de Washington tras vencer en semifinales a la local\u00a0Caroline Dolehide por 6-3 y 6-3.\u00a0<\/p>\n<p><a href=\"https:\/\/www.lavanguardia.com\/deportes\/20240803\/9851513\/paula-badosa-volvera-final-tres-anos-sequia-wta-500-washington.html\">Seguir leyendo&#8230;<\/a><\/p>","protected":false},"excerpt":{"rendered":"<p>Paula Badosa se cuela en una final dos a\u00f1os y siete meses desp\u00faes. La catalano-neoyorkina disputar\u00e1 el titulo del WTA 500 de Washington tras vencer en semifinales a la local\u00a0Caroline Dolehide por 6-3 y 6-3.\u00a0 Seguir leyendo&#8230;<\/p>\n","protected":false},"author":0,"featured_media":15883,"comment_status":"","ping_status":"","sticky":false,"template":"","format":"standard","meta":{"_et_pb_use_builder":"","_et_pb_old_content":"","_et_gb_content_width":"","footnotes":""},"categories":[1],"tags":[],"class_list":["post-15882","post","type-post","status-publish","format-standard","has-post-thumbnail","hentry","category-blog","et-has-post-format-content","et_post_format-et-post-format-standard"],"_links":{"self":[{"href":"https:\/\/trayectoriadeportiva.com\/index.php\/wp-json\/wp\/v2\/posts\/15882","targetHints":{"allow":["GET"]}}],"collection":[{"href":"https:\/\/trayectoriadeportiva.com\/index.php\/wp-json\/wp\/v2\/posts"}],"about":[{"href":"https:\/\/trayectoriadeportiva.com\/index.php\/wp-json\/wp\/v2\/types\/post"}],"replies":[{"embeddable":true,"href":"https:\/\/trayectoriadeportiva.com\/index.php\/wp-json\/wp\/v2\/comments?post=15882"}],"version-history":[{"count":0,"href":"https:\/\/trayectoriadeportiva.com\/index.php\/wp-json\/wp\/v2\/posts\/15882\/revisions"}],"wp:featuredmedia":[{"embeddable":true,"href":"https:\/\/trayectoriadeportiva.com\/index.php\/wp-json\/wp\/v2\/media\/15883"}],"wp:attachment":[{"href":"https:\/\/trayectoriadeportiva.com\/index.php\/wp-json\/wp\/v2\/media?parent=15882"}],"wp:term":[{"taxonomy":"category","embeddable":true,"href":"https:\/\/trayectoriadeportiva.com\/index.php\/wp-json\/wp\/v2\/categories?post=15882"},{"taxonomy":"post_tag","embeddable":true,"href":"https:\/\/trayectoriadeportiva.com\/index.php\/wp-json\/wp\/v2\/tags?post=15882"}],"curies":[{"name":"wp","href":"https:\/\/api.w.org\/{rel}","templated":true}]}}