{"id":15899,"date":"2024-08-04T04:00:00","date_gmt":"2024-08-04T04:00:00","guid":{"rendered":"https:\/\/trayectoriadeportiva.com\/index.php\/2024\/08\/04\/lo-que-pretende-esconder-el-paris-de-los-juegos-olimpicos\/"},"modified":"2024-08-04T04:00:00","modified_gmt":"2024-08-04T04:00:00","slug":"lo-que-pretende-esconder-el-paris-de-los-juegos-olimpicos","status":"publish","type":"post","link":"https:\/\/trayectoriadeportiva.com\/index.php\/2024\/08\/04\/lo-que-pretende-esconder-el-paris-de-los-juegos-olimpicos\/","title":{"rendered":"Lo que pretende esconder el Par\u00eds de los Juegos Ol\u00edmpicos"},"content":{"rendered":"<p>Para bien o para mal, el Par\u00eds ol\u00edmpico de estas semanas se halla bajo los intensos focos de las redes y los medios de comunicaci\u00f3n. Hay mucho en juego, y no s\u00f3lo en lo deportivo. A la lamentable encrucijada pol\u00edtica que est\u00e1 atravesando ahora mismo Francia, s\u00f3lo le falta que, adem\u00e1s de los incendios del d\u00eda de la inauguraci\u00f3n, se produzca alg\u00fan fallo imperdonable en la organizaci\u00f3n de los Juegos o, Dios no lo quiera, un atroz atentado.<\/p>\n<p><a href=\"https:\/\/www.lavanguardia.com\/deportes\/jjoo\/20240804\/9848293\/pretende-esconder-paris-juegos-olimpicos.html\">Seguir leyendo&#8230;<\/a><\/p>","protected":false},"excerpt":{"rendered":"<p>Para bien o para mal, el Par\u00eds ol\u00edmpico de estas semanas se halla bajo los intensos focos de las redes y los medios de comunicaci\u00f3n. Hay mucho en juego, y no s\u00f3lo en lo deportivo. A la lamentable encrucijada pol\u00edtica que est\u00e1 atravesando ahora mismo Francia, s\u00f3lo le falta que, adem\u00e1s de los incendios del [&hellip;]<\/p>\n","protected":false},"author":0,"featured_media":15900,"comment_status":"","ping_status":"","sticky":false,"template":"","format":"standard","meta":{"_et_pb_use_builder":"","_et_pb_old_content":"","_et_gb_content_width":"","footnotes":""},"categories":[1],"tags":[],"class_list":["post-15899","post","type-post","status-publish","format-standard","has-post-thumbnail","hentry","category-blog","et-has-post-format-content","et_post_format-et-post-format-standard"],"_links":{"self":[{"href":"https:\/\/trayectoriadeportiva.com\/index.php\/wp-json\/wp\/v2\/posts\/15899","targetHints":{"allow":["GET"]}}],"collection":[{"href":"https:\/\/trayectoriadeportiva.com\/index.php\/wp-json\/wp\/v2\/posts"}],"about":[{"href":"https:\/\/trayectoriadeportiva.com\/index.php\/wp-json\/wp\/v2\/types\/post"}],"replies":[{"embeddable":true,"href":"https:\/\/trayectoriadeportiva.com\/index.php\/wp-json\/wp\/v2\/comments?post=15899"}],"version-history":[{"count":0,"href":"https:\/\/trayectoriadeportiva.com\/index.php\/wp-json\/wp\/v2\/posts\/15899\/revisions"}],"wp:featuredmedia":[{"embeddable":true,"href":"https:\/\/trayectoriadeportiva.com\/index.php\/wp-json\/wp\/v2\/media\/15900"}],"wp:attachment":[{"href":"https:\/\/trayectoriadeportiva.com\/index.php\/wp-json\/wp\/v2\/media?parent=15899"}],"wp:term":[{"taxonomy":"category","embeddable":true,"href":"https:\/\/trayectoriadeportiva.com\/index.php\/wp-json\/wp\/v2\/categories?post=15899"},{"taxonomy":"post_tag","embeddable":true,"href":"https:\/\/trayectoriadeportiva.com\/index.php\/wp-json\/wp\/v2\/tags?post=15899"}],"curies":[{"name":"wp","href":"https:\/\/api.w.org\/{rel}","templated":true}]}}