{"id":15932,"date":"2024-08-04T16:37:05","date_gmt":"2024-08-04T16:37:05","guid":{"rendered":"https:\/\/trayectoriadeportiva.com\/index.php\/2024\/08\/04\/mavi-garcia-roza-la-medalla-y-acaba-sexta\/"},"modified":"2024-08-04T16:37:05","modified_gmt":"2024-08-04T16:37:05","slug":"mavi-garcia-roza-la-medalla-y-acaba-sexta","status":"publish","type":"post","link":"https:\/\/trayectoriadeportiva.com\/index.php\/2024\/08\/04\/mavi-garcia-roza-la-medalla-y-acaba-sexta\/","title":{"rendered":"Mavi Garc\u00eda roza la medalla y acaba sexta"},"content":{"rendered":"<p>La espa\u00f1ola Mavi Garc\u00eda firm\u00f3 uno actuaci\u00f3n formidable en Par\u00eds y se qued\u00f3 a un suspiro de las medallas en la prueba de fondo en carretera. A sus 40 a\u00f1os, la balear llegaba a estos Juegos Ol\u00edmpicos en busca de una nueva oportunidad, y esta se present\u00f3 tras una ca\u00edda que seleccion\u00f3 el grupo delantero y que le dej\u00f3 en una gran posici\u00f3n para pelear por las medallas. Mavi se mantuvo en el grupo de cabeza hasta que en la \u00faltima subida no pudo con el ritmo de la estadounidense Faulkner, que a la postre se coron\u00f3 como campeona ol\u00edmpica al sorprender a las favoritas Marianne Vos, plata, y Lotte Kopecky, bronce. Mavi Garc\u00eda acab\u00f3 sexta, una posici\u00f3n que encumbra la carrera de la espa\u00f1ola.<\/p>\n<p><a href=\"https:\/\/www.lavanguardia.com\/deportes\/jjoo\/20240804\/9852522\/mavi-garcia-ciclismo-juegos-olimpicos-sexta.html\">Seguir leyendo&#8230;<\/a><\/p>","protected":false},"excerpt":{"rendered":"<p>La espa\u00f1ola Mavi Garc\u00eda firm\u00f3 uno actuaci\u00f3n formidable en Par\u00eds y se qued\u00f3 a un suspiro de las medallas en la prueba de fondo en carretera. A sus 40 a\u00f1os, la balear llegaba a estos Juegos Ol\u00edmpicos en busca de una nueva oportunidad, y esta se present\u00f3 tras una ca\u00edda que seleccion\u00f3 el grupo delantero [&hellip;]<\/p>\n","protected":false},"author":0,"featured_media":15933,"comment_status":"","ping_status":"","sticky":false,"template":"","format":"standard","meta":{"_et_pb_use_builder":"","_et_pb_old_content":"","_et_gb_content_width":"","footnotes":""},"categories":[1],"tags":[],"class_list":["post-15932","post","type-post","status-publish","format-standard","has-post-thumbnail","hentry","category-blog","et-has-post-format-content","et_post_format-et-post-format-standard"],"_links":{"self":[{"href":"https:\/\/trayectoriadeportiva.com\/index.php\/wp-json\/wp\/v2\/posts\/15932","targetHints":{"allow":["GET"]}}],"collection":[{"href":"https:\/\/trayectoriadeportiva.com\/index.php\/wp-json\/wp\/v2\/posts"}],"about":[{"href":"https:\/\/trayectoriadeportiva.com\/index.php\/wp-json\/wp\/v2\/types\/post"}],"replies":[{"embeddable":true,"href":"https:\/\/trayectoriadeportiva.com\/index.php\/wp-json\/wp\/v2\/comments?post=15932"}],"version-history":[{"count":0,"href":"https:\/\/trayectoriadeportiva.com\/index.php\/wp-json\/wp\/v2\/posts\/15932\/revisions"}],"wp:featuredmedia":[{"embeddable":true,"href":"https:\/\/trayectoriadeportiva.com\/index.php\/wp-json\/wp\/v2\/media\/15933"}],"wp:attachment":[{"href":"https:\/\/trayectoriadeportiva.com\/index.php\/wp-json\/wp\/v2\/media?parent=15932"}],"wp:term":[{"taxonomy":"category","embeddable":true,"href":"https:\/\/trayectoriadeportiva.com\/index.php\/wp-json\/wp\/v2\/categories?post=15932"},{"taxonomy":"post_tag","embeddable":true,"href":"https:\/\/trayectoriadeportiva.com\/index.php\/wp-json\/wp\/v2\/tags?post=15932"}],"curies":[{"name":"wp","href":"https:\/\/api.w.org\/{rel}","templated":true}]}}