{"id":1610,"date":"2023-10-22T16:06:35","date_gmt":"2023-10-22T16:06:35","guid":{"rendered":"https:\/\/trayectoriadeportiva.com\/index.php\/2023\/10\/22\/carolina-marin-subcampeona-del-abierto-de-dinamarca\/"},"modified":"2023-10-22T16:06:35","modified_gmt":"2023-10-22T16:06:35","slug":"carolina-marin-subcampeona-del-abierto-de-dinamarca","status":"publish","type":"post","link":"https:\/\/trayectoriadeportiva.com\/index.php\/2023\/10\/22\/carolina-marin-subcampeona-del-abierto-de-dinamarca\/","title":{"rendered":"Carolina Mar\u00edn, subcampeona del Abierto de Dinamarca"},"content":{"rendered":"<p>La onubense Carolina Mar\u00edn cay\u00f3 este domingo en la final del Abierto de Dinamarca de b\u00e1dminton al perder ante la china Chen Yu Fei, tercera cabeza de serie y campeona ol\u00edmpica en Tokio 2020, que se impuso por 21-14 y 21-19 en 51 minutos de partido.<\/p>\n<p><a href=\"https:\/\/www.lavanguardia.com\/deportes\/20231022\/9319788\/carolina-marin-subcampeona-abierto-dinamarca.html\">Seguir leyendo&#8230;<\/a><\/p>","protected":false},"excerpt":{"rendered":"<p>La onubense Carolina Mar\u00edn cay\u00f3 este domingo en la final del Abierto de Dinamarca de b\u00e1dminton al perder ante la china Chen Yu Fei, tercera cabeza de serie y campeona ol\u00edmpica en Tokio 2020, que se impuso por 21-14 y 21-19 en 51 minutos de partido. Seguir leyendo&#8230;<\/p>\n","protected":false},"author":0,"featured_media":1611,"comment_status":"","ping_status":"","sticky":false,"template":"","format":"standard","meta":{"_et_pb_use_builder":"","_et_pb_old_content":"","_et_gb_content_width":"","footnotes":""},"categories":[1],"tags":[],"class_list":["post-1610","post","type-post","status-publish","format-standard","has-post-thumbnail","hentry","category-blog","et-has-post-format-content","et_post_format-et-post-format-standard"],"_links":{"self":[{"href":"https:\/\/trayectoriadeportiva.com\/index.php\/wp-json\/wp\/v2\/posts\/1610","targetHints":{"allow":["GET"]}}],"collection":[{"href":"https:\/\/trayectoriadeportiva.com\/index.php\/wp-json\/wp\/v2\/posts"}],"about":[{"href":"https:\/\/trayectoriadeportiva.com\/index.php\/wp-json\/wp\/v2\/types\/post"}],"replies":[{"embeddable":true,"href":"https:\/\/trayectoriadeportiva.com\/index.php\/wp-json\/wp\/v2\/comments?post=1610"}],"version-history":[{"count":0,"href":"https:\/\/trayectoriadeportiva.com\/index.php\/wp-json\/wp\/v2\/posts\/1610\/revisions"}],"wp:featuredmedia":[{"embeddable":true,"href":"https:\/\/trayectoriadeportiva.com\/index.php\/wp-json\/wp\/v2\/media\/1611"}],"wp:attachment":[{"href":"https:\/\/trayectoriadeportiva.com\/index.php\/wp-json\/wp\/v2\/media?parent=1610"}],"wp:term":[{"taxonomy":"category","embeddable":true,"href":"https:\/\/trayectoriadeportiva.com\/index.php\/wp-json\/wp\/v2\/categories?post=1610"},{"taxonomy":"post_tag","embeddable":true,"href":"https:\/\/trayectoriadeportiva.com\/index.php\/wp-json\/wp\/v2\/tags?post=1610"}],"curies":[{"name":"wp","href":"https:\/\/api.w.org\/{rel}","templated":true}]}}