{"id":16105,"date":"2024-08-07T14:18:23","date_gmt":"2024-08-07T14:18:23","guid":{"rendered":"https:\/\/trayectoriadeportiva.com\/index.php\/2024\/08\/07\/alex-kral-tercer-fichaje-del-espanyol\/"},"modified":"2024-08-07T14:18:23","modified_gmt":"2024-08-07T14:18:23","slug":"alex-kral-tercer-fichaje-del-espanyol","status":"publish","type":"post","link":"https:\/\/trayectoriadeportiva.com\/index.php\/2024\/08\/07\/alex-kral-tercer-fichaje-del-espanyol\/","title":{"rendered":"Alex Kr\u00e1l, tercer fichaje del Espanyol"},"content":{"rendered":"<p>El RCD Espanyol ya ha hecho oficial su tercer fichaje para la temporada 2024-25. Se trata de\u00a0Alex Kr\u00e1l, el centrocampista checo de 26 a\u00f1os que ha sido cedido por parte el FC Union Berl\u00edn y que jugar\u00e1 un curso con el conjunto blanquiazul, en el a\u00f1o de su regreso a Primera Divisi\u00f3n.<\/p>\n<p><a href=\"https:\/\/www.lavanguardia.com\/deportes\/rcde-espanyol\/20240807\/9858485\/alex-kral-tercer-fichaje-espanyol.html\">Seguir leyendo&#8230;<\/a><\/p>","protected":false},"excerpt":{"rendered":"<p>El RCD Espanyol ya ha hecho oficial su tercer fichaje para la temporada 2024-25. Se trata de\u00a0Alex Kr\u00e1l, el centrocampista checo de 26 a\u00f1os que ha sido cedido por parte el FC Union Berl\u00edn y que jugar\u00e1 un curso con el conjunto blanquiazul, en el a\u00f1o de su regreso a Primera Divisi\u00f3n. Seguir leyendo&#8230;<\/p>\n","protected":false},"author":0,"featured_media":16106,"comment_status":"","ping_status":"","sticky":false,"template":"","format":"standard","meta":{"_et_pb_use_builder":"","_et_pb_old_content":"","_et_gb_content_width":"","footnotes":""},"categories":[1],"tags":[],"class_list":["post-16105","post","type-post","status-publish","format-standard","has-post-thumbnail","hentry","category-blog","et-has-post-format-content","et_post_format-et-post-format-standard"],"_links":{"self":[{"href":"https:\/\/trayectoriadeportiva.com\/index.php\/wp-json\/wp\/v2\/posts\/16105","targetHints":{"allow":["GET"]}}],"collection":[{"href":"https:\/\/trayectoriadeportiva.com\/index.php\/wp-json\/wp\/v2\/posts"}],"about":[{"href":"https:\/\/trayectoriadeportiva.com\/index.php\/wp-json\/wp\/v2\/types\/post"}],"replies":[{"embeddable":true,"href":"https:\/\/trayectoriadeportiva.com\/index.php\/wp-json\/wp\/v2\/comments?post=16105"}],"version-history":[{"count":0,"href":"https:\/\/trayectoriadeportiva.com\/index.php\/wp-json\/wp\/v2\/posts\/16105\/revisions"}],"wp:featuredmedia":[{"embeddable":true,"href":"https:\/\/trayectoriadeportiva.com\/index.php\/wp-json\/wp\/v2\/media\/16106"}],"wp:attachment":[{"href":"https:\/\/trayectoriadeportiva.com\/index.php\/wp-json\/wp\/v2\/media?parent=16105"}],"wp:term":[{"taxonomy":"category","embeddable":true,"href":"https:\/\/trayectoriadeportiva.com\/index.php\/wp-json\/wp\/v2\/categories?post=16105"},{"taxonomy":"post_tag","embeddable":true,"href":"https:\/\/trayectoriadeportiva.com\/index.php\/wp-json\/wp\/v2\/tags?post=16105"}],"curies":[{"name":"wp","href":"https:\/\/api.w.org\/{rel}","templated":true}]}}