{"id":16113,"date":"2024-08-07T18:25:39","date_gmt":"2024-08-07T18:25:39","guid":{"rendered":"https:\/\/trayectoriadeportiva.com\/index.php\/2024\/08\/07\/adrian-vicente-peleara-por-el-bronce\/"},"modified":"2024-08-07T18:25:39","modified_gmt":"2024-08-07T18:25:39","slug":"adrian-vicente-peleara-por-el-bronce","status":"publish","type":"post","link":"https:\/\/trayectoriadeportiva.com\/index.php\/2024\/08\/07\/adrian-vicente-peleara-por-el-bronce\/","title":{"rendered":"Adri\u00e1n Vicente pelear\u00e1 por el bronce"},"content":{"rendered":"<p>Le toc\u00f3 billete en el \u00faltimo tren y lo quiere aprovechar para colgarse un bronce que le sepa a miel. V\u00eda repesca se recuper\u00f3 de su derrota en cuartos de final y tuvo fuerzas para intentar revertir su situaci\u00f3n. De la amargura a intentar besar una presea muy trabajada. El madrile\u00f1o Adri\u00e1n Vicente combatir\u00e1 por la medalla de bronce de la categor\u00eda de hasta 58 kilos.  Buscar\u00e1 darse una alegr\u00eda bajo los focos del impresionante Grand Palais.<\/p>\n<p><a href=\"https:\/\/www.lavanguardia.com\/deportes\/20240807\/9858721\/adrian-vicente.html\">Seguir leyendo&#8230;<\/a><\/p>","protected":false},"excerpt":{"rendered":"<p>Le toc\u00f3 billete en el \u00faltimo tren y lo quiere aprovechar para colgarse un bronce que le sepa a miel. V\u00eda repesca se recuper\u00f3 de su derrota en cuartos de final y tuvo fuerzas para intentar revertir su situaci\u00f3n. De la amargura a intentar besar una presea muy trabajada. El madrile\u00f1o Adri\u00e1n Vicente combatir\u00e1 por [&hellip;]<\/p>\n","protected":false},"author":0,"featured_media":16114,"comment_status":"","ping_status":"","sticky":false,"template":"","format":"standard","meta":{"_et_pb_use_builder":"","_et_pb_old_content":"","_et_gb_content_width":"","footnotes":""},"categories":[1],"tags":[],"class_list":["post-16113","post","type-post","status-publish","format-standard","has-post-thumbnail","hentry","category-blog","et-has-post-format-content","et_post_format-et-post-format-standard"],"_links":{"self":[{"href":"https:\/\/trayectoriadeportiva.com\/index.php\/wp-json\/wp\/v2\/posts\/16113","targetHints":{"allow":["GET"]}}],"collection":[{"href":"https:\/\/trayectoriadeportiva.com\/index.php\/wp-json\/wp\/v2\/posts"}],"about":[{"href":"https:\/\/trayectoriadeportiva.com\/index.php\/wp-json\/wp\/v2\/types\/post"}],"replies":[{"embeddable":true,"href":"https:\/\/trayectoriadeportiva.com\/index.php\/wp-json\/wp\/v2\/comments?post=16113"}],"version-history":[{"count":0,"href":"https:\/\/trayectoriadeportiva.com\/index.php\/wp-json\/wp\/v2\/posts\/16113\/revisions"}],"wp:featuredmedia":[{"embeddable":true,"href":"https:\/\/trayectoriadeportiva.com\/index.php\/wp-json\/wp\/v2\/media\/16114"}],"wp:attachment":[{"href":"https:\/\/trayectoriadeportiva.com\/index.php\/wp-json\/wp\/v2\/media?parent=16113"}],"wp:term":[{"taxonomy":"category","embeddable":true,"href":"https:\/\/trayectoriadeportiva.com\/index.php\/wp-json\/wp\/v2\/categories?post=16113"},{"taxonomy":"post_tag","embeddable":true,"href":"https:\/\/trayectoriadeportiva.com\/index.php\/wp-json\/wp\/v2\/tags?post=16113"}],"curies":[{"name":"wp","href":"https:\/\/api.w.org\/{rel}","templated":true}]}}