{"id":16235,"date":"2024-08-10T04:00:00","date_gmt":"2024-08-10T04:00:00","guid":{"rendered":"https:\/\/trayectoriadeportiva.com\/index.php\/2024\/08\/10\/dani-olmo-verticalidad-y-versalitidad-al-servicio-de-flick\/"},"modified":"2024-08-10T04:00:00","modified_gmt":"2024-08-10T04:00:00","slug":"dani-olmo-verticalidad-y-versalitidad-al-servicio-de-flick","status":"publish","type":"post","link":"https:\/\/trayectoriadeportiva.com\/index.php\/2024\/08\/10\/dani-olmo-verticalidad-y-versalitidad-al-servicio-de-flick\/","title":{"rendered":"Dani Olmo, verticalidad y versalitidad al servicio de Flick"},"content":{"rendered":"<p>Despu\u00e9s de muchas semanas de rumores, movimientos y negociaciones, la vuelta de Dani Olmo al Bar\u00e7a ya es una realidad. El mediocampista vuelve al club en el que se form\u00f3 siendo un futbolista consolidado y que puede aportar muchos beneficios al Bar\u00e7a 2024\/2025. Un futbolista que casa perfectamente con la filosof\u00eda que quiere implantar Hansi Flick.\u00a0<\/p>\n<p><a href=\"https:\/\/www.lavanguardia.com\/deportes\/fc-barcelona\/20240810\/9862853\/dani-olmo-claves-tacticas-barcelona-fichaje.html\">Seguir leyendo&#8230;<\/a><\/p>","protected":false},"excerpt":{"rendered":"<p>Despu\u00e9s de muchas semanas de rumores, movimientos y negociaciones, la vuelta de Dani Olmo al Bar\u00e7a ya es una realidad. El mediocampista vuelve al club en el que se form\u00f3 siendo un futbolista consolidado y que puede aportar muchos beneficios al Bar\u00e7a 2024\/2025. Un futbolista que casa perfectamente con la filosof\u00eda que quiere implantar Hansi [&hellip;]<\/p>\n","protected":false},"author":0,"featured_media":16236,"comment_status":"","ping_status":"","sticky":false,"template":"","format":"standard","meta":{"_et_pb_use_builder":"","_et_pb_old_content":"","_et_gb_content_width":"","footnotes":""},"categories":[1],"tags":[],"class_list":["post-16235","post","type-post","status-publish","format-standard","has-post-thumbnail","hentry","category-blog","et-has-post-format-content","et_post_format-et-post-format-standard"],"_links":{"self":[{"href":"https:\/\/trayectoriadeportiva.com\/index.php\/wp-json\/wp\/v2\/posts\/16235","targetHints":{"allow":["GET"]}}],"collection":[{"href":"https:\/\/trayectoriadeportiva.com\/index.php\/wp-json\/wp\/v2\/posts"}],"about":[{"href":"https:\/\/trayectoriadeportiva.com\/index.php\/wp-json\/wp\/v2\/types\/post"}],"replies":[{"embeddable":true,"href":"https:\/\/trayectoriadeportiva.com\/index.php\/wp-json\/wp\/v2\/comments?post=16235"}],"version-history":[{"count":0,"href":"https:\/\/trayectoriadeportiva.com\/index.php\/wp-json\/wp\/v2\/posts\/16235\/revisions"}],"wp:featuredmedia":[{"embeddable":true,"href":"https:\/\/trayectoriadeportiva.com\/index.php\/wp-json\/wp\/v2\/media\/16236"}],"wp:attachment":[{"href":"https:\/\/trayectoriadeportiva.com\/index.php\/wp-json\/wp\/v2\/media?parent=16235"}],"wp:term":[{"taxonomy":"category","embeddable":true,"href":"https:\/\/trayectoriadeportiva.com\/index.php\/wp-json\/wp\/v2\/categories?post=16235"},{"taxonomy":"post_tag","embeddable":true,"href":"https:\/\/trayectoriadeportiva.com\/index.php\/wp-json\/wp\/v2\/tags?post=16235"}],"curies":[{"name":"wp","href":"https:\/\/api.w.org\/{rel}","templated":true}]}}