{"id":16282,"date":"2024-08-11T04:00:00","date_gmt":"2024-08-11T04:00:00","guid":{"rendered":"https:\/\/trayectoriadeportiva.com\/index.php\/2024\/08\/11\/la-venganza-de-mickey-mouse\/"},"modified":"2024-08-11T04:00:00","modified_gmt":"2024-08-11T04:00:00","slug":"la-venganza-de-mickey-mouse","status":"publish","type":"post","link":"https:\/\/trayectoriadeportiva.com\/index.php\/2024\/08\/11\/la-venganza-de-mickey-mouse\/","title":{"rendered":"La venganza de Mickey Mouse"},"content":{"rendered":"<p>El pasado uno de enero, Disney perdi\u00f3 los derechos de Mi\u00adckey Mouse. Eso significa que cualquier necio puede realizar guiones de ficci\u00f3n con el rat\u00f3n como protagonista. Unos d\u00edas despu\u00e9s, la revista The Hollywood Reporter present\u00f3 el tr\u00e1iler de Mickey Mouse\u2019s trap , una pel\u00edcula de terror donde una persona disfrazada del rat\u00f3n de Walt Disney crea el p\u00e1nico en un cumplea\u00f1os de un joven de 21 a\u00f1os, de noche y en una sala de juegos. En el tr\u00e1iler, una sombra en la pared proyecta una imagen de Mickey Mouse, ergo sus famosas orejas. Perder los derechos ser\u00e1 perder la decencia.<\/p>\n<p><a href=\"https:\/\/www.lavanguardia.com\/deportes\/20240811\/9864520\/venganza-mickey-mouse.html\">Seguir leyendo&#8230;<\/a><\/p>","protected":false},"excerpt":{"rendered":"<p>El pasado uno de enero, Disney perdi\u00f3 los derechos de Mi\u00adckey Mouse. Eso significa que cualquier necio puede realizar guiones de ficci\u00f3n con el rat\u00f3n como protagonista. Unos d\u00edas despu\u00e9s, la revista The Hollywood Reporter present\u00f3 el tr\u00e1iler de Mickey Mouse\u2019s trap , una pel\u00edcula de terror donde una persona disfrazada del rat\u00f3n de Walt [&hellip;]<\/p>\n","protected":false},"author":0,"featured_media":16283,"comment_status":"","ping_status":"","sticky":false,"template":"","format":"standard","meta":{"_et_pb_use_builder":"","_et_pb_old_content":"","_et_gb_content_width":"","footnotes":""},"categories":[1],"tags":[],"class_list":["post-16282","post","type-post","status-publish","format-standard","has-post-thumbnail","hentry","category-blog","et-has-post-format-content","et_post_format-et-post-format-standard"],"_links":{"self":[{"href":"https:\/\/trayectoriadeportiva.com\/index.php\/wp-json\/wp\/v2\/posts\/16282","targetHints":{"allow":["GET"]}}],"collection":[{"href":"https:\/\/trayectoriadeportiva.com\/index.php\/wp-json\/wp\/v2\/posts"}],"about":[{"href":"https:\/\/trayectoriadeportiva.com\/index.php\/wp-json\/wp\/v2\/types\/post"}],"replies":[{"embeddable":true,"href":"https:\/\/trayectoriadeportiva.com\/index.php\/wp-json\/wp\/v2\/comments?post=16282"}],"version-history":[{"count":0,"href":"https:\/\/trayectoriadeportiva.com\/index.php\/wp-json\/wp\/v2\/posts\/16282\/revisions"}],"wp:featuredmedia":[{"embeddable":true,"href":"https:\/\/trayectoriadeportiva.com\/index.php\/wp-json\/wp\/v2\/media\/16283"}],"wp:attachment":[{"href":"https:\/\/trayectoriadeportiva.com\/index.php\/wp-json\/wp\/v2\/media?parent=16282"}],"wp:term":[{"taxonomy":"category","embeddable":true,"href":"https:\/\/trayectoriadeportiva.com\/index.php\/wp-json\/wp\/v2\/categories?post=16282"},{"taxonomy":"post_tag","embeddable":true,"href":"https:\/\/trayectoriadeportiva.com\/index.php\/wp-json\/wp\/v2\/tags?post=16282"}],"curies":[{"name":"wp","href":"https:\/\/api.w.org\/{rel}","templated":true}]}}