{"id":16309,"date":"2024-08-11T14:34:12","date_gmt":"2024-08-11T14:34:12","guid":{"rendered":"https:\/\/trayectoriadeportiva.com\/index.php\/2024\/08\/11\/los-atletas-abandonan-la-villa-olimpica-para-viajar-a-la-ceremonia-de-clausura\/"},"modified":"2024-08-11T14:34:12","modified_gmt":"2024-08-11T14:34:12","slug":"los-atletas-abandonan-la-villa-olimpica-para-viajar-a-la-ceremonia-de-clausura","status":"publish","type":"post","link":"https:\/\/trayectoriadeportiva.com\/index.php\/2024\/08\/11\/los-atletas-abandonan-la-villa-olimpica-para-viajar-a-la-ceremonia-de-clausura\/","title":{"rendered":"Los atletas abandonan la Villa Ol\u00edmpica para viajar a la ceremonia de clausura"},"content":{"rendered":"<p>Los Juegos Ol\u00edmpicos llegan a su fin y, con ello, los atletas de todo el mundo se despiden de la Villa Ol\u00edmpica, el hogar temporal que compartieron durante semanas de competencia y camarader\u00eda. En un ambiente cargado de emoci\u00f3n y nostalgia, los deportistas se preparan para viajar a la ceremonia de clausura, donde celebrar\u00e1n juntos el cierre de esta edici\u00f3n del mayor evento deportivo global.<\/p>\n<p><a href=\"https:\/\/www.lavanguardia.com\/deportes\/jjoo\/20240811\/9865386\/atletas-abandonan-villa-olimpica-viajar-ceremonia-clausura.html\">Seguir leyendo&#8230;<\/a><\/p>","protected":false},"excerpt":{"rendered":"<p>Los Juegos Ol\u00edmpicos llegan a su fin y, con ello, los atletas de todo el mundo se despiden de la Villa Ol\u00edmpica, el hogar temporal que compartieron durante semanas de competencia y camarader\u00eda. En un ambiente cargado de emoci\u00f3n y nostalgia, los deportistas se preparan para viajar a la ceremonia de clausura, donde celebrar\u00e1n juntos [&hellip;]<\/p>\n","protected":false},"author":0,"featured_media":16310,"comment_status":"","ping_status":"","sticky":false,"template":"","format":"standard","meta":{"_et_pb_use_builder":"","_et_pb_old_content":"","_et_gb_content_width":"","footnotes":""},"categories":[1],"tags":[],"class_list":["post-16309","post","type-post","status-publish","format-standard","has-post-thumbnail","hentry","category-blog","et-has-post-format-content","et_post_format-et-post-format-standard"],"_links":{"self":[{"href":"https:\/\/trayectoriadeportiva.com\/index.php\/wp-json\/wp\/v2\/posts\/16309","targetHints":{"allow":["GET"]}}],"collection":[{"href":"https:\/\/trayectoriadeportiva.com\/index.php\/wp-json\/wp\/v2\/posts"}],"about":[{"href":"https:\/\/trayectoriadeportiva.com\/index.php\/wp-json\/wp\/v2\/types\/post"}],"replies":[{"embeddable":true,"href":"https:\/\/trayectoriadeportiva.com\/index.php\/wp-json\/wp\/v2\/comments?post=16309"}],"version-history":[{"count":0,"href":"https:\/\/trayectoriadeportiva.com\/index.php\/wp-json\/wp\/v2\/posts\/16309\/revisions"}],"wp:featuredmedia":[{"embeddable":true,"href":"https:\/\/trayectoriadeportiva.com\/index.php\/wp-json\/wp\/v2\/media\/16310"}],"wp:attachment":[{"href":"https:\/\/trayectoriadeportiva.com\/index.php\/wp-json\/wp\/v2\/media?parent=16309"}],"wp:term":[{"taxonomy":"category","embeddable":true,"href":"https:\/\/trayectoriadeportiva.com\/index.php\/wp-json\/wp\/v2\/categories?post=16309"},{"taxonomy":"post_tag","embeddable":true,"href":"https:\/\/trayectoriadeportiva.com\/index.php\/wp-json\/wp\/v2\/tags?post=16309"}],"curies":[{"name":"wp","href":"https:\/\/api.w.org\/{rel}","templated":true}]}}