{"id":16337,"date":"2024-08-12T09:39:11","date_gmt":"2024-08-12T09:39:11","guid":{"rendered":"https:\/\/trayectoriadeportiva.com\/index.php\/2024\/08\/12\/asi-ha-quedado-el-medallero-final-de-paris-2024\/"},"modified":"2024-08-12T09:39:11","modified_gmt":"2024-08-12T09:39:11","slug":"asi-ha-quedado-el-medallero-final-de-paris-2024","status":"publish","type":"post","link":"https:\/\/trayectoriadeportiva.com\/index.php\/2024\/08\/12\/asi-ha-quedado-el-medallero-final-de-paris-2024\/","title":{"rendered":"As\u00ed ha quedado el medallero final de Par\u00eds 2024"},"content":{"rendered":"<p>Los Juegos de Par\u00eds han terminado. Y con ello, el medallero final de esta 33.\u00aa edici\u00f3n de la cita ol\u00edmpica. <a href=\"https:\/\/www.lavanguardia.com\/deportes\/20240811\/9865145\/balance-espana-medallas-olimpiadas.html\" target=\"_blank\" rel=\"noopener\">El equipo espa\u00f1ol no ha dado el gran salto adelante<\/a> que el COE vaticinaba y vuelve a casa con 18 metales, un podio m\u00e1s que en Tokio 2020 y en R\u00edo de Janeiro 2016. Espa\u00f1a ha quedado en 15.\u00aa posici\u00f3n gracias a 5 oros, 4 platas y 9 bronces. M\u00e1s oros que en Jap\u00f3n (3), pero menos que en Brasil (7).<\/p>\n<p><a href=\"https:\/\/www.lavanguardia.com\/deportes\/20240812\/9866049\/asi-quedado-medallero-final-paris-2024-juegos-olimpicos.html\">Seguir leyendo&#8230;<\/a><\/p>","protected":false},"excerpt":{"rendered":"<p>Los Juegos de Par\u00eds han terminado. Y con ello, el medallero final de esta 33.\u00aa edici\u00f3n de la cita ol\u00edmpica. El equipo espa\u00f1ol no ha dado el gran salto adelante que el COE vaticinaba y vuelve a casa con 18 metales, un podio m\u00e1s que en Tokio 2020 y en R\u00edo de Janeiro 2016. Espa\u00f1a [&hellip;]<\/p>\n","protected":false},"author":0,"featured_media":16338,"comment_status":"","ping_status":"","sticky":false,"template":"","format":"standard","meta":{"_et_pb_use_builder":"","_et_pb_old_content":"","_et_gb_content_width":"","footnotes":""},"categories":[1],"tags":[],"class_list":["post-16337","post","type-post","status-publish","format-standard","has-post-thumbnail","hentry","category-blog","et-has-post-format-content","et_post_format-et-post-format-standard"],"_links":{"self":[{"href":"https:\/\/trayectoriadeportiva.com\/index.php\/wp-json\/wp\/v2\/posts\/16337","targetHints":{"allow":["GET"]}}],"collection":[{"href":"https:\/\/trayectoriadeportiva.com\/index.php\/wp-json\/wp\/v2\/posts"}],"about":[{"href":"https:\/\/trayectoriadeportiva.com\/index.php\/wp-json\/wp\/v2\/types\/post"}],"replies":[{"embeddable":true,"href":"https:\/\/trayectoriadeportiva.com\/index.php\/wp-json\/wp\/v2\/comments?post=16337"}],"version-history":[{"count":0,"href":"https:\/\/trayectoriadeportiva.com\/index.php\/wp-json\/wp\/v2\/posts\/16337\/revisions"}],"wp:featuredmedia":[{"embeddable":true,"href":"https:\/\/trayectoriadeportiva.com\/index.php\/wp-json\/wp\/v2\/media\/16338"}],"wp:attachment":[{"href":"https:\/\/trayectoriadeportiva.com\/index.php\/wp-json\/wp\/v2\/media?parent=16337"}],"wp:term":[{"taxonomy":"category","embeddable":true,"href":"https:\/\/trayectoriadeportiva.com\/index.php\/wp-json\/wp\/v2\/categories?post=16337"},{"taxonomy":"post_tag","embeddable":true,"href":"https:\/\/trayectoriadeportiva.com\/index.php\/wp-json\/wp\/v2\/tags?post=16337"}],"curies":[{"name":"wp","href":"https:\/\/api.w.org\/{rel}","templated":true}]}}