{"id":16343,"date":"2024-08-12T15:53:12","date_gmt":"2024-08-12T15:53:12","guid":{"rendered":"https:\/\/trayectoriadeportiva.com\/index.php\/2024\/08\/12\/veliz-kral-y-cardona-completan-a-un-espanyol-ambicioso\/"},"modified":"2024-08-12T15:53:12","modified_gmt":"2024-08-12T15:53:12","slug":"veliz-kral-y-cardona-completan-a-un-espanyol-ambicioso","status":"publish","type":"post","link":"https:\/\/trayectoriadeportiva.com\/index.php\/2024\/08\/12\/veliz-kral-y-cardona-completan-a-un-espanyol-ambicioso\/","title":{"rendered":"V\u00e9liz, Kr\u00e1l y Cardona completan a un Espanyol ambicioso"},"content":{"rendered":"<p>Ante la impisibilidad de fichar por los graves problemas econ\u00f3micos del club, el Espanyol ha recurrido a la cesi\u00f3n como figura para reforzarse. Fran Garagarza se ha movido con prestancia en el mercado y ha conseguido hacerse con varios perfiles que complementar\u00e1n al resto de la plantilla del Espanyol. Si es suficiente para garantizar la salvaci\u00f3n est\u00e1 por ver.<\/p>\n<p><a href=\"https:\/\/www.lavanguardia.com\/deportes\/rcde-espanyol\/20240812\/9867369\/veliz-kral-cardona-espanyol-espanyol-presentacion.html\">Seguir leyendo&#8230;<\/a><\/p>","protected":false},"excerpt":{"rendered":"<p>Ante la impisibilidad de fichar por los graves problemas econ\u00f3micos del club, el Espanyol ha recurrido a la cesi\u00f3n como figura para reforzarse. Fran Garagarza se ha movido con prestancia en el mercado y ha conseguido hacerse con varios perfiles que complementar\u00e1n al resto de la plantilla del Espanyol. Si es suficiente para garantizar la [&hellip;]<\/p>\n","protected":false},"author":0,"featured_media":16344,"comment_status":"","ping_status":"","sticky":false,"template":"","format":"standard","meta":{"_et_pb_use_builder":"","_et_pb_old_content":"","_et_gb_content_width":"","footnotes":""},"categories":[1],"tags":[],"class_list":["post-16343","post","type-post","status-publish","format-standard","has-post-thumbnail","hentry","category-blog","et-has-post-format-content","et_post_format-et-post-format-standard"],"_links":{"self":[{"href":"https:\/\/trayectoriadeportiva.com\/index.php\/wp-json\/wp\/v2\/posts\/16343","targetHints":{"allow":["GET"]}}],"collection":[{"href":"https:\/\/trayectoriadeportiva.com\/index.php\/wp-json\/wp\/v2\/posts"}],"about":[{"href":"https:\/\/trayectoriadeportiva.com\/index.php\/wp-json\/wp\/v2\/types\/post"}],"replies":[{"embeddable":true,"href":"https:\/\/trayectoriadeportiva.com\/index.php\/wp-json\/wp\/v2\/comments?post=16343"}],"version-history":[{"count":0,"href":"https:\/\/trayectoriadeportiva.com\/index.php\/wp-json\/wp\/v2\/posts\/16343\/revisions"}],"wp:featuredmedia":[{"embeddable":true,"href":"https:\/\/trayectoriadeportiva.com\/index.php\/wp-json\/wp\/v2\/media\/16344"}],"wp:attachment":[{"href":"https:\/\/trayectoriadeportiva.com\/index.php\/wp-json\/wp\/v2\/media?parent=16343"}],"wp:term":[{"taxonomy":"category","embeddable":true,"href":"https:\/\/trayectoriadeportiva.com\/index.php\/wp-json\/wp\/v2\/categories?post=16343"},{"taxonomy":"post_tag","embeddable":true,"href":"https:\/\/trayectoriadeportiva.com\/index.php\/wp-json\/wp\/v2\/tags?post=16343"}],"curies":[{"name":"wp","href":"https:\/\/api.w.org\/{rel}","templated":true}]}}