{"id":16391,"date":"2024-08-14T12:49:32","date_gmt":"2024-08-14T12:49:32","guid":{"rendered":"https:\/\/trayectoriadeportiva.com\/index.php\/2024\/08\/14\/pedri-entrena-con-el-grupo-y-apunta-a-mestalla\/"},"modified":"2024-08-14T12:49:32","modified_gmt":"2024-08-14T12:49:32","slug":"pedri-entrena-con-el-grupo-y-apunta-a-mestalla","status":"publish","type":"post","link":"https:\/\/trayectoriadeportiva.com\/index.php\/2024\/08\/14\/pedri-entrena-con-el-grupo-y-apunta-a-mestalla\/","title":{"rendered":"Pedri entrena con el grupo y apunta a Mestalla"},"content":{"rendered":"<p>Pedri avanza favorablemente en su recuperaci\u00f3n. Este martes el club inform\u00f3 de que el jugador realiz\u00f3 parte del entrenamiento matinal con el resto del grupo, su primera participaci\u00f3n en una sesi\u00f3n con Hansi Flick y de la temporada 2024-25. Fuentes del club apuntan que el canario se encuentra bien y que, si nada se tuerce, recibir\u00e1 el alta m\u00e9dica para viajar el s\u00e1bado a Mestalla en el debut liguero ante el Valencia.\u00a0<\/p>\n<p><a href=\"https:\/\/www.lavanguardia.com\/deportes\/fc-barcelona\/20240814\/9870873\/pedri-entrena-grupo-apunta-mestalla-debut-liguero-barca-flick.html\">Seguir leyendo&#8230;<\/a><\/p>","protected":false},"excerpt":{"rendered":"<p>Pedri avanza favorablemente en su recuperaci\u00f3n. Este martes el club inform\u00f3 de que el jugador realiz\u00f3 parte del entrenamiento matinal con el resto del grupo, su primera participaci\u00f3n en una sesi\u00f3n con Hansi Flick y de la temporada 2024-25. Fuentes del club apuntan que el canario se encuentra bien y que, si nada se tuerce, [&hellip;]<\/p>\n","protected":false},"author":0,"featured_media":16392,"comment_status":"","ping_status":"","sticky":false,"template":"","format":"standard","meta":{"_et_pb_use_builder":"","_et_pb_old_content":"","_et_gb_content_width":"","footnotes":""},"categories":[1],"tags":[],"class_list":["post-16391","post","type-post","status-publish","format-standard","has-post-thumbnail","hentry","category-blog","et-has-post-format-content","et_post_format-et-post-format-standard"],"_links":{"self":[{"href":"https:\/\/trayectoriadeportiva.com\/index.php\/wp-json\/wp\/v2\/posts\/16391","targetHints":{"allow":["GET"]}}],"collection":[{"href":"https:\/\/trayectoriadeportiva.com\/index.php\/wp-json\/wp\/v2\/posts"}],"about":[{"href":"https:\/\/trayectoriadeportiva.com\/index.php\/wp-json\/wp\/v2\/types\/post"}],"replies":[{"embeddable":true,"href":"https:\/\/trayectoriadeportiva.com\/index.php\/wp-json\/wp\/v2\/comments?post=16391"}],"version-history":[{"count":0,"href":"https:\/\/trayectoriadeportiva.com\/index.php\/wp-json\/wp\/v2\/posts\/16391\/revisions"}],"wp:featuredmedia":[{"embeddable":true,"href":"https:\/\/trayectoriadeportiva.com\/index.php\/wp-json\/wp\/v2\/media\/16392"}],"wp:attachment":[{"href":"https:\/\/trayectoriadeportiva.com\/index.php\/wp-json\/wp\/v2\/media?parent=16391"}],"wp:term":[{"taxonomy":"category","embeddable":true,"href":"https:\/\/trayectoriadeportiva.com\/index.php\/wp-json\/wp\/v2\/categories?post=16391"},{"taxonomy":"post_tag","embeddable":true,"href":"https:\/\/trayectoriadeportiva.com\/index.php\/wp-json\/wp\/v2\/tags?post=16391"}],"curies":[{"name":"wp","href":"https:\/\/api.w.org\/{rel}","templated":true}]}}