{"id":16417,"date":"2024-08-15T05:11:27","date_gmt":"2024-08-15T05:11:27","guid":{"rendered":"https:\/\/trayectoriadeportiva.com\/index.php\/2024\/08\/15\/julian-alvarez-la-ilusion-del-atletico-de-madrid\/"},"modified":"2024-08-15T05:11:27","modified_gmt":"2024-08-15T05:11:27","slug":"julian-alvarez-la-ilusion-del-atletico-de-madrid","status":"publish","type":"post","link":"https:\/\/trayectoriadeportiva.com\/index.php\/2024\/08\/15\/julian-alvarez-la-ilusion-del-atletico-de-madrid\/","title":{"rendered":"Juli\u00e1n \u00c1lvarez, la ilusi\u00f3n del Atl\u00e9tico de Madrid"},"content":{"rendered":"<p>Juli\u00e1n \u00c1lvarez, la Ara\u00f1a, es el faro para ilusionar de nuevo a los aficionados del Atl\u00e9tico tras una de las peores temporadas de Simeone al frente de la nave colchonera. El Atl\u00e9tico ha fichado al argentino, de 24 a\u00f1os, por 80 millones m\u00e1s diez en variables, el segundo fichaje m\u00e1s caro de la historia del club tras los 127 que pag\u00f3 en el 2019 al Benfica por Jo\u00e3o F\u00e9lix, un jugador con el que no sabe qu\u00e9 hacer, que no lo quiere Simeone y que se ha convertido en un quebradero de cabeza para Gil Mar\u00edn, el hombre fuerte del club.<\/p>\n<p><a href=\"https:\/\/www.lavanguardia.com\/deportes\/atletico-de-madrid\/20240815\/9871252\/julian-alvarez-ilusion.html\">Seguir leyendo&#8230;<\/a><\/p>","protected":false},"excerpt":{"rendered":"<p>Juli\u00e1n \u00c1lvarez, la Ara\u00f1a, es el faro para ilusionar de nuevo a los aficionados del Atl\u00e9tico tras una de las peores temporadas de Simeone al frente de la nave colchonera. El Atl\u00e9tico ha fichado al argentino, de 24 a\u00f1os, por 80 millones m\u00e1s diez en variables, el segundo fichaje m\u00e1s caro de la historia del [&hellip;]<\/p>\n","protected":false},"author":0,"featured_media":16418,"comment_status":"","ping_status":"","sticky":false,"template":"","format":"standard","meta":{"_et_pb_use_builder":"","_et_pb_old_content":"","_et_gb_content_width":"","footnotes":""},"categories":[1],"tags":[],"class_list":["post-16417","post","type-post","status-publish","format-standard","has-post-thumbnail","hentry","category-blog","et-has-post-format-content","et_post_format-et-post-format-standard"],"_links":{"self":[{"href":"https:\/\/trayectoriadeportiva.com\/index.php\/wp-json\/wp\/v2\/posts\/16417","targetHints":{"allow":["GET"]}}],"collection":[{"href":"https:\/\/trayectoriadeportiva.com\/index.php\/wp-json\/wp\/v2\/posts"}],"about":[{"href":"https:\/\/trayectoriadeportiva.com\/index.php\/wp-json\/wp\/v2\/types\/post"}],"replies":[{"embeddable":true,"href":"https:\/\/trayectoriadeportiva.com\/index.php\/wp-json\/wp\/v2\/comments?post=16417"}],"version-history":[{"count":0,"href":"https:\/\/trayectoriadeportiva.com\/index.php\/wp-json\/wp\/v2\/posts\/16417\/revisions"}],"wp:featuredmedia":[{"embeddable":true,"href":"https:\/\/trayectoriadeportiva.com\/index.php\/wp-json\/wp\/v2\/media\/16418"}],"wp:attachment":[{"href":"https:\/\/trayectoriadeportiva.com\/index.php\/wp-json\/wp\/v2\/media?parent=16417"}],"wp:term":[{"taxonomy":"category","embeddable":true,"href":"https:\/\/trayectoriadeportiva.com\/index.php\/wp-json\/wp\/v2\/categories?post=16417"},{"taxonomy":"post_tag","embeddable":true,"href":"https:\/\/trayectoriadeportiva.com\/index.php\/wp-json\/wp\/v2\/tags?post=16417"}],"curies":[{"name":"wp","href":"https:\/\/api.w.org\/{rel}","templated":true}]}}