{"id":16493,"date":"2024-08-17T04:00:00","date_gmt":"2024-08-17T04:00:00","guid":{"rendered":"https:\/\/trayectoriadeportiva.com\/index.php\/2024\/08\/17\/flick-sonrie-pese-a-todo\/"},"modified":"2024-08-17T04:00:00","modified_gmt":"2024-08-17T04:00:00","slug":"flick-sonrie-pese-a-todo","status":"publish","type":"post","link":"https:\/\/trayectoriadeportiva.com\/index.php\/2024\/08\/17\/flick-sonrie-pese-a-todo\/","title":{"rendered":"Flick sonr\u00ede, pese a todo"},"content":{"rendered":"<p>\u201cNo pensamos en las cosas que no podemos cambiar. No hay excusas ni quejas. He venido en una situaci\u00f3n que acepto\u201d, dej\u00f3 claro Hansi Flick, que debuta hoy en la Liga como t\u00e9cnico del FC Barcelona frente al Valencia en el hostil Mestalla.<a href=\"https:\/\/www.lavanguardia.com\/deportes\/fc-barcelona\/20240806\/9856187\/deco-viaja-leipzig-fichar-dani-olmo-barca.html\" title=\"Principio de acuerdo Bar\u00e7a- Leipzig por Dani Olmo\"> Lo har\u00e1 sin poder contar con Dani Olmo, el hasta ahora \u00fanico fichaje del verano<\/a>. A\u00fan no hay margen para inscribirle. S\u00ed que estar\u00e1 Pau V\u00edctor. El m\u00e1ximo goleador de la pretemporada azulgrana fue inscrito ayer con ficha del primer equipo gracias a su bajo coste -el Bar\u00e7a pag\u00f3 tres millones por \u00e9l al Girona-. La entidad tambi\u00e9n cumpli\u00f3 a \u00faltima hora de la tarde con las inscripciones de Marc Casad\u00f3 y Pablo Torre. Y le encontraron un encaje a \u00cd\u00f1igo Mart\u00ednez gracias al art\u00edculo 77 de LaLiga. El redactado que permite que los clubs sustituyan a un futbolista lesionado de larga duraci\u00f3n. En este caso, el vasco ocupar\u00e1 la plaza de Ronald Ara\u00fajo.<\/p>\n<p><a href=\"https:\/\/www.lavanguardia.com\/deportes\/fc-barcelona\/20240817\/9874425\/flick-sonrie-pese-hansi-flick-liga-debut-mestalla.html\">Seguir leyendo&#8230;<\/a><\/p>","protected":false},"excerpt":{"rendered":"<p>\u201cNo pensamos en las cosas que no podemos cambiar. No hay excusas ni quejas. He venido en una situaci\u00f3n que acepto\u201d, dej\u00f3 claro Hansi Flick, que debuta hoy en la Liga como t\u00e9cnico del FC Barcelona frente al Valencia en el hostil Mestalla. Lo har\u00e1 sin poder contar con Dani Olmo, el hasta ahora \u00fanico [&hellip;]<\/p>\n","protected":false},"author":0,"featured_media":16494,"comment_status":"","ping_status":"","sticky":false,"template":"","format":"standard","meta":{"_et_pb_use_builder":"","_et_pb_old_content":"","_et_gb_content_width":"","footnotes":""},"categories":[1],"tags":[],"class_list":["post-16493","post","type-post","status-publish","format-standard","has-post-thumbnail","hentry","category-blog","et-has-post-format-content","et_post_format-et-post-format-standard"],"_links":{"self":[{"href":"https:\/\/trayectoriadeportiva.com\/index.php\/wp-json\/wp\/v2\/posts\/16493","targetHints":{"allow":["GET"]}}],"collection":[{"href":"https:\/\/trayectoriadeportiva.com\/index.php\/wp-json\/wp\/v2\/posts"}],"about":[{"href":"https:\/\/trayectoriadeportiva.com\/index.php\/wp-json\/wp\/v2\/types\/post"}],"replies":[{"embeddable":true,"href":"https:\/\/trayectoriadeportiva.com\/index.php\/wp-json\/wp\/v2\/comments?post=16493"}],"version-history":[{"count":0,"href":"https:\/\/trayectoriadeportiva.com\/index.php\/wp-json\/wp\/v2\/posts\/16493\/revisions"}],"wp:featuredmedia":[{"embeddable":true,"href":"https:\/\/trayectoriadeportiva.com\/index.php\/wp-json\/wp\/v2\/media\/16494"}],"wp:attachment":[{"href":"https:\/\/trayectoriadeportiva.com\/index.php\/wp-json\/wp\/v2\/media?parent=16493"}],"wp:term":[{"taxonomy":"category","embeddable":true,"href":"https:\/\/trayectoriadeportiva.com\/index.php\/wp-json\/wp\/v2\/categories?post=16493"},{"taxonomy":"post_tag","embeddable":true,"href":"https:\/\/trayectoriadeportiva.com\/index.php\/wp-json\/wp\/v2\/tags?post=16493"}],"curies":[{"name":"wp","href":"https:\/\/api.w.org\/{rel}","templated":true}]}}