{"id":16495,"date":"2024-08-17T04:00:00","date_gmt":"2024-08-17T04:00:00","guid":{"rendered":"https:\/\/trayectoriadeportiva.com\/index.php\/2024\/08\/17\/landa-mas-y-rodriguez-un-tridente-contra-un-vacio-de-diez-anos\/"},"modified":"2024-08-17T04:00:00","modified_gmt":"2024-08-17T04:00:00","slug":"landa-mas-y-rodriguez-un-tridente-contra-un-vacio-de-diez-anos","status":"publish","type":"post","link":"https:\/\/trayectoriadeportiva.com\/index.php\/2024\/08\/17\/landa-mas-y-rodriguez-un-tridente-contra-un-vacio-de-diez-anos\/","title":{"rendered":"Landa, Mas y Rodr\u00edguez, un tridente contra un vac\u00edo de diez a\u00f1os"},"content":{"rendered":"<p>Sin llegar a las cuatro d\u00e9cadas que hace que un franc\u00e9s no gana el Tour ni Roland Garros \u2013vaya dos maldiciones arrastran\u2013, una sequ\u00eda sintom\u00e1tica acecha al ciclismo espa\u00f1ol, que no vence su gran vuelta desde 2014 cuando Alberto Contador no dej\u00f3 ganar a Froome ni en Ancares en la pen\u00faltima etapa.<\/p>\n<p><a href=\"https:\/\/www.lavanguardia.com\/deportes\/ciclismo\/20240817\/9874315\/landa-mas-carlos-rodriguez-tridente-contra-vacio-diez-anos.html\">Seguir leyendo&#8230;<\/a><\/p>","protected":false},"excerpt":{"rendered":"<p>Sin llegar a las cuatro d\u00e9cadas que hace que un franc\u00e9s no gana el Tour ni Roland Garros \u2013vaya dos maldiciones arrastran\u2013, una sequ\u00eda sintom\u00e1tica acecha al ciclismo espa\u00f1ol, que no vence su gran vuelta desde 2014 cuando Alberto Contador no dej\u00f3 ganar a Froome ni en Ancares en la pen\u00faltima etapa. Seguir leyendo&#8230;<\/p>\n","protected":false},"author":0,"featured_media":16496,"comment_status":"","ping_status":"","sticky":false,"template":"","format":"standard","meta":{"_et_pb_use_builder":"","_et_pb_old_content":"","_et_gb_content_width":"","footnotes":""},"categories":[1],"tags":[],"class_list":["post-16495","post","type-post","status-publish","format-standard","has-post-thumbnail","hentry","category-blog","et-has-post-format-content","et_post_format-et-post-format-standard"],"_links":{"self":[{"href":"https:\/\/trayectoriadeportiva.com\/index.php\/wp-json\/wp\/v2\/posts\/16495","targetHints":{"allow":["GET"]}}],"collection":[{"href":"https:\/\/trayectoriadeportiva.com\/index.php\/wp-json\/wp\/v2\/posts"}],"about":[{"href":"https:\/\/trayectoriadeportiva.com\/index.php\/wp-json\/wp\/v2\/types\/post"}],"replies":[{"embeddable":true,"href":"https:\/\/trayectoriadeportiva.com\/index.php\/wp-json\/wp\/v2\/comments?post=16495"}],"version-history":[{"count":0,"href":"https:\/\/trayectoriadeportiva.com\/index.php\/wp-json\/wp\/v2\/posts\/16495\/revisions"}],"wp:featuredmedia":[{"embeddable":true,"href":"https:\/\/trayectoriadeportiva.com\/index.php\/wp-json\/wp\/v2\/media\/16496"}],"wp:attachment":[{"href":"https:\/\/trayectoriadeportiva.com\/index.php\/wp-json\/wp\/v2\/media?parent=16495"}],"wp:term":[{"taxonomy":"category","embeddable":true,"href":"https:\/\/trayectoriadeportiva.com\/index.php\/wp-json\/wp\/v2\/categories?post=16495"},{"taxonomy":"post_tag","embeddable":true,"href":"https:\/\/trayectoriadeportiva.com\/index.php\/wp-json\/wp\/v2\/tags?post=16495"}],"curies":[{"name":"wp","href":"https:\/\/api.w.org\/{rel}","templated":true}]}}