{"id":16501,"date":"2024-08-17T10:23:55","date_gmt":"2024-08-17T10:23:55","guid":{"rendered":"https:\/\/trayectoriadeportiva.com\/index.php\/2024\/08\/17\/flick-se-queda-sin-gundogan-para-el-debut-en-la-liga\/"},"modified":"2024-08-17T10:23:55","modified_gmt":"2024-08-17T10:23:55","slug":"flick-se-queda-sin-gundogan-para-el-debut-en-la-liga","status":"publish","type":"post","link":"https:\/\/trayectoriadeportiva.com\/index.php\/2024\/08\/17\/flick-se-queda-sin-gundogan-para-el-debut-en-la-liga\/","title":{"rendered":"Flick se queda sin G\u00fcndogan para el debut en la Liga"},"content":{"rendered":"<p>Contratiempo de \u00faltima hora <a href=\"https:\/\/www.lavanguardia.com\/deportes\/fc-barcelona\/20240817\/9874425\/flick-sonrie-pese-hansi-flick-liga-debut-mestalla.html\">para Hansi Flick<\/a>. Dani Olmo no ser\u00e1 el \u00fanico jugador del Barcelona que se pierda el estreno de la Liga 24-25 este s\u00e1bado en Mestalla. No viaja tampoco con el equipo Ilkay G\u00fcndogan. El fichaje, porque adem\u00e1s de no estar inscrito a\u00fan no se encuentra en buen estado f\u00edsico, seg\u00fan desvel\u00f3 el t\u00e9cnico. El centrocampista alem\u00e1n, por precauci\u00f3n despu\u00e9s del golpe que recibi\u00f3 en la ceja durante el Gamper, seg\u00fan comunic\u00f3 el club cuando facilit\u00f3 la lista de convocados.<\/p>\n<p><a href=\"https:\/\/www.lavanguardia.com\/deportes\/fc-barcelona\/20240817\/9875197\/flick-queda-guendogan-debut-liga.html\">Seguir leyendo&#8230;<\/a><\/p>","protected":false},"excerpt":{"rendered":"<p>Contratiempo de \u00faltima hora para Hansi Flick. Dani Olmo no ser\u00e1 el \u00fanico jugador del Barcelona que se pierda el estreno de la Liga 24-25 este s\u00e1bado en Mestalla. No viaja tampoco con el equipo Ilkay G\u00fcndogan. El fichaje, porque adem\u00e1s de no estar inscrito a\u00fan no se encuentra en buen estado f\u00edsico, seg\u00fan desvel\u00f3 [&hellip;]<\/p>\n","protected":false},"author":0,"featured_media":16502,"comment_status":"","ping_status":"","sticky":false,"template":"","format":"standard","meta":{"_et_pb_use_builder":"","_et_pb_old_content":"","_et_gb_content_width":"","footnotes":""},"categories":[1],"tags":[],"class_list":["post-16501","post","type-post","status-publish","format-standard","has-post-thumbnail","hentry","category-blog","et-has-post-format-content","et_post_format-et-post-format-standard"],"_links":{"self":[{"href":"https:\/\/trayectoriadeportiva.com\/index.php\/wp-json\/wp\/v2\/posts\/16501","targetHints":{"allow":["GET"]}}],"collection":[{"href":"https:\/\/trayectoriadeportiva.com\/index.php\/wp-json\/wp\/v2\/posts"}],"about":[{"href":"https:\/\/trayectoriadeportiva.com\/index.php\/wp-json\/wp\/v2\/types\/post"}],"replies":[{"embeddable":true,"href":"https:\/\/trayectoriadeportiva.com\/index.php\/wp-json\/wp\/v2\/comments?post=16501"}],"version-history":[{"count":0,"href":"https:\/\/trayectoriadeportiva.com\/index.php\/wp-json\/wp\/v2\/posts\/16501\/revisions"}],"wp:featuredmedia":[{"embeddable":true,"href":"https:\/\/trayectoriadeportiva.com\/index.php\/wp-json\/wp\/v2\/media\/16502"}],"wp:attachment":[{"href":"https:\/\/trayectoriadeportiva.com\/index.php\/wp-json\/wp\/v2\/media?parent=16501"}],"wp:term":[{"taxonomy":"category","embeddable":true,"href":"https:\/\/trayectoriadeportiva.com\/index.php\/wp-json\/wp\/v2\/categories?post=16501"},{"taxonomy":"post_tag","embeddable":true,"href":"https:\/\/trayectoriadeportiva.com\/index.php\/wp-json\/wp\/v2\/tags?post=16501"}],"curies":[{"name":"wp","href":"https:\/\/api.w.org\/{rel}","templated":true}]}}