{"id":16604,"date":"2024-08-19T05:00:00","date_gmt":"2024-08-19T05:00:00","guid":{"rendered":"https:\/\/trayectoriadeportiva.com\/index.php\/2024\/08\/19\/la-copa-del-america-un-escaparate-global-para-barcelona-con-un-impacto-de-1-115-millones\/"},"modified":"2024-08-19T05:00:00","modified_gmt":"2024-08-19T05:00:00","slug":"la-copa-del-america-un-escaparate-global-para-barcelona-con-un-impacto-de-1-115-millones","status":"publish","type":"post","link":"https:\/\/trayectoriadeportiva.com\/index.php\/2024\/08\/19\/la-copa-del-america-un-escaparate-global-para-barcelona-con-un-impacto-de-1-115-millones\/","title":{"rendered":"La Copa del Am\u00e9rica, un escaparate global para Barcelona con un impacto de 1.115 millones"},"content":{"rendered":"<p>La Copa del Am\u00e9rica de Vela proyectar\u00e1 a partir del 22 de agosto la imagen del frente mar\u00edtimo de Barcelona ante una audiencia global de 1.500 millones de espectadores,. La exposici\u00f3n medi\u00e1tica de la ciudad espera capitalizar durante a\u00f1os en t\u00e9rminos de reputaci\u00f3n y atracci\u00f3n de turismo de calidad.<\/p>\n<p><a href=\"https:\/\/www.lavanguardia.com\/deportes\/20240819\/9876213\/copa-america-barcelona-impacto.html\">Seguir leyendo&#8230;<\/a><\/p>","protected":false},"excerpt":{"rendered":"<p>La Copa del Am\u00e9rica de Vela proyectar\u00e1 a partir del 22 de agosto la imagen del frente mar\u00edtimo de Barcelona ante una audiencia global de 1.500 millones de espectadores,. La exposici\u00f3n medi\u00e1tica de la ciudad espera capitalizar durante a\u00f1os en t\u00e9rminos de reputaci\u00f3n y atracci\u00f3n de turismo de calidad. Seguir leyendo&#8230;<\/p>\n","protected":false},"author":0,"featured_media":16605,"comment_status":"","ping_status":"","sticky":false,"template":"","format":"standard","meta":{"_et_pb_use_builder":"","_et_pb_old_content":"","_et_gb_content_width":"","footnotes":""},"categories":[1],"tags":[],"class_list":["post-16604","post","type-post","status-publish","format-standard","has-post-thumbnail","hentry","category-blog","et-has-post-format-content","et_post_format-et-post-format-standard"],"_links":{"self":[{"href":"https:\/\/trayectoriadeportiva.com\/index.php\/wp-json\/wp\/v2\/posts\/16604","targetHints":{"allow":["GET"]}}],"collection":[{"href":"https:\/\/trayectoriadeportiva.com\/index.php\/wp-json\/wp\/v2\/posts"}],"about":[{"href":"https:\/\/trayectoriadeportiva.com\/index.php\/wp-json\/wp\/v2\/types\/post"}],"replies":[{"embeddable":true,"href":"https:\/\/trayectoriadeportiva.com\/index.php\/wp-json\/wp\/v2\/comments?post=16604"}],"version-history":[{"count":0,"href":"https:\/\/trayectoriadeportiva.com\/index.php\/wp-json\/wp\/v2\/posts\/16604\/revisions"}],"wp:featuredmedia":[{"embeddable":true,"href":"https:\/\/trayectoriadeportiva.com\/index.php\/wp-json\/wp\/v2\/media\/16605"}],"wp:attachment":[{"href":"https:\/\/trayectoriadeportiva.com\/index.php\/wp-json\/wp\/v2\/media?parent=16604"}],"wp:term":[{"taxonomy":"category","embeddable":true,"href":"https:\/\/trayectoriadeportiva.com\/index.php\/wp-json\/wp\/v2\/categories?post=16604"},{"taxonomy":"post_tag","embeddable":true,"href":"https:\/\/trayectoriadeportiva.com\/index.php\/wp-json\/wp\/v2\/tags?post=16604"}],"curies":[{"name":"wp","href":"https:\/\/api.w.org\/{rel}","templated":true}]}}