{"id":16658,"date":"2024-08-20T11:47:49","date_gmt":"2024-08-20T11:47:49","guid":{"rendered":"https:\/\/trayectoriadeportiva.com\/index.php\/2024\/08\/20\/andrea-fuentes-sustituye-a-mayu-fujiki-como-seleccionadora-de-la-artistica-espanola\/"},"modified":"2024-08-20T11:47:49","modified_gmt":"2024-08-20T11:47:49","slug":"andrea-fuentes-sustituye-a-mayu-fujiki-como-seleccionadora-de-la-artistica-espanola","status":"publish","type":"post","link":"https:\/\/trayectoriadeportiva.com\/index.php\/2024\/08\/20\/andrea-fuentes-sustituye-a-mayu-fujiki-como-seleccionadora-de-la-artistica-espanola\/","title":{"rendered":"Andrea Fuentes sustituye a Mayu Fujiki como seleccionadora de la art\u00edstica espa\u00f1ola"},"content":{"rendered":"<p>Andrea Fuentes vuelve a casa por la puerta grande. La exnadadora de Valls, de 41 a\u00f1os, ser\u00e1 la nueva seleccionadora de la nataci\u00f3n art\u00edstica espa\u00f1ola en sustituci\u00f3n de la japonesa Mayuko Fujiki, que deja el cargo despu\u00e9s de siete a\u00f1os.<\/p>\n<p><a href=\"https:\/\/www.lavanguardia.com\/deportes\/20240820\/9880011\/andrea-fuentes-mayu-fujiki-seleccionadora-natacion-artistica-espana-plata-paris-juegos-olimpicos.html\">Seguir leyendo&#8230;<\/a><\/p>","protected":false},"excerpt":{"rendered":"<p>Andrea Fuentes vuelve a casa por la puerta grande. La exnadadora de Valls, de 41 a\u00f1os, ser\u00e1 la nueva seleccionadora de la nataci\u00f3n art\u00edstica espa\u00f1ola en sustituci\u00f3n de la japonesa Mayuko Fujiki, que deja el cargo despu\u00e9s de siete a\u00f1os. Seguir leyendo&#8230;<\/p>\n","protected":false},"author":0,"featured_media":16659,"comment_status":"","ping_status":"","sticky":false,"template":"","format":"standard","meta":{"_et_pb_use_builder":"","_et_pb_old_content":"","_et_gb_content_width":"","footnotes":""},"categories":[1],"tags":[],"class_list":["post-16658","post","type-post","status-publish","format-standard","has-post-thumbnail","hentry","category-blog","et-has-post-format-content","et_post_format-et-post-format-standard"],"_links":{"self":[{"href":"https:\/\/trayectoriadeportiva.com\/index.php\/wp-json\/wp\/v2\/posts\/16658","targetHints":{"allow":["GET"]}}],"collection":[{"href":"https:\/\/trayectoriadeportiva.com\/index.php\/wp-json\/wp\/v2\/posts"}],"about":[{"href":"https:\/\/trayectoriadeportiva.com\/index.php\/wp-json\/wp\/v2\/types\/post"}],"replies":[{"embeddable":true,"href":"https:\/\/trayectoriadeportiva.com\/index.php\/wp-json\/wp\/v2\/comments?post=16658"}],"version-history":[{"count":0,"href":"https:\/\/trayectoriadeportiva.com\/index.php\/wp-json\/wp\/v2\/posts\/16658\/revisions"}],"wp:featuredmedia":[{"embeddable":true,"href":"https:\/\/trayectoriadeportiva.com\/index.php\/wp-json\/wp\/v2\/media\/16659"}],"wp:attachment":[{"href":"https:\/\/trayectoriadeportiva.com\/index.php\/wp-json\/wp\/v2\/media?parent=16658"}],"wp:term":[{"taxonomy":"category","embeddable":true,"href":"https:\/\/trayectoriadeportiva.com\/index.php\/wp-json\/wp\/v2\/categories?post=16658"},{"taxonomy":"post_tag","embeddable":true,"href":"https:\/\/trayectoriadeportiva.com\/index.php\/wp-json\/wp\/v2\/tags?post=16658"}],"curies":[{"name":"wp","href":"https:\/\/api.w.org\/{rel}","templated":true}]}}