{"id":16734,"date":"2024-08-23T05:00:00","date_gmt":"2024-08-23T05:00:00","guid":{"rendered":"https:\/\/trayectoriadeportiva.com\/index.php\/2024\/08\/23\/f1-horario-y-donde-ver-por-tv-el-gran-premio-de-paises-bajos-2024-de-formula-1\/"},"modified":"2024-08-23T05:00:00","modified_gmt":"2024-08-23T05:00:00","slug":"f1-horario-y-donde-ver-por-tv-el-gran-premio-de-paises-bajos-2024-de-formula-1","status":"publish","type":"post","link":"https:\/\/trayectoriadeportiva.com\/index.php\/2024\/08\/23\/f1-horario-y-donde-ver-por-tv-el-gran-premio-de-paises-bajos-2024-de-formula-1\/","title":{"rendered":"F1: Horario y d\u00f3nde ver por TV el Gran Premio de Pa\u00edses Bajos 2024 de F\u00f3rmula 1"},"content":{"rendered":"<p>Tras el par\u00f3n veraniego, el gran circo vuelve a la peque\u00f1a pantalla aterrizando nada menos que en <a href=\"https:\/\/www.lavanguardia.com\/topics\/paises-bajos\">Pa\u00edses Bajos.<\/a> Se disputar\u00e1 entre el viernes 23 y el domingo 25 de julio, y supondr\u00e1 la decimoquinta prueba del Mundial de 2024.<\/p>\n<p><a href=\"https:\/\/www.lavanguardia.com\/deportes\/horarios\/formula-1\/20240823\/9877179\/f1-horario-donde-ver-tv-gran-premio-paises-bajos-2024-formula-1-pmv.html\">Seguir leyendo&#8230;<\/a><\/p>","protected":false},"excerpt":{"rendered":"<p>Tras el par\u00f3n veraniego, el gran circo vuelve a la peque\u00f1a pantalla aterrizando nada menos que en Pa\u00edses Bajos. Se disputar\u00e1 entre el viernes 23 y el domingo 25 de julio, y supondr\u00e1 la decimoquinta prueba del Mundial de 2024. Seguir leyendo&#8230;<\/p>\n","protected":false},"author":0,"featured_media":16735,"comment_status":"","ping_status":"","sticky":false,"template":"","format":"standard","meta":{"_et_pb_use_builder":"","_et_pb_old_content":"","_et_gb_content_width":"","footnotes":""},"categories":[1],"tags":[],"class_list":["post-16734","post","type-post","status-publish","format-standard","has-post-thumbnail","hentry","category-blog","et-has-post-format-content","et_post_format-et-post-format-standard"],"_links":{"self":[{"href":"https:\/\/trayectoriadeportiva.com\/index.php\/wp-json\/wp\/v2\/posts\/16734","targetHints":{"allow":["GET"]}}],"collection":[{"href":"https:\/\/trayectoriadeportiva.com\/index.php\/wp-json\/wp\/v2\/posts"}],"about":[{"href":"https:\/\/trayectoriadeportiva.com\/index.php\/wp-json\/wp\/v2\/types\/post"}],"replies":[{"embeddable":true,"href":"https:\/\/trayectoriadeportiva.com\/index.php\/wp-json\/wp\/v2\/comments?post=16734"}],"version-history":[{"count":0,"href":"https:\/\/trayectoriadeportiva.com\/index.php\/wp-json\/wp\/v2\/posts\/16734\/revisions"}],"wp:featuredmedia":[{"embeddable":true,"href":"https:\/\/trayectoriadeportiva.com\/index.php\/wp-json\/wp\/v2\/media\/16735"}],"wp:attachment":[{"href":"https:\/\/trayectoriadeportiva.com\/index.php\/wp-json\/wp\/v2\/media?parent=16734"}],"wp:term":[{"taxonomy":"category","embeddable":true,"href":"https:\/\/trayectoriadeportiva.com\/index.php\/wp-json\/wp\/v2\/categories?post=16734"},{"taxonomy":"post_tag","embeddable":true,"href":"https:\/\/trayectoriadeportiva.com\/index.php\/wp-json\/wp\/v2\/tags?post=16734"}],"curies":[{"name":"wp","href":"https:\/\/api.w.org\/{rel}","templated":true}]}}