{"id":1687,"date":"2023-10-24T15:13:25","date_gmt":"2023-10-24T15:13:25","guid":{"rendered":"https:\/\/trayectoriadeportiva.com\/index.php\/2023\/10\/24\/el-barca-se-viste-de-los-rolling-stones\/"},"modified":"2023-10-24T15:13:25","modified_gmt":"2023-10-24T15:13:25","slug":"el-barca-se-viste-de-los-rolling-stones","status":"publish","type":"post","link":"https:\/\/trayectoriadeportiva.com\/index.php\/2023\/10\/24\/el-barca-se-viste-de-los-rolling-stones\/","title":{"rendered":"El Bar\u00e7a se viste de los Rolling Stones"},"content":{"rendered":"<p><a href=\"https:\/\/www.lavanguardia.com\/https:\/\/www.lavanguardia.com\/cultura\/20231022\/9317871\/rolling-stones-barca-madrid-taylor-swift-jagger-clasico.html.html\">La \u2018Bar\u00e7aman\u00eda\u2019 por los Rolling Stones vuelve al ataque<\/a>. Los jugadores del primer equipo masculino y femenino del Bar\u00e7a han posado esta semana con las diversas camisetas que el club blaugrana ha lanzado al mercado con la lengua caracter\u00edstica de la banda londinense, fruto del acuerdo y patrocinio de la entidad cul\u00e9 con Spotify.<\/p>\n<p><a href=\"https:\/\/www.lavanguardia.com\/deportes\/futbol\/20231024\/9324744\/barca-viste-rolling-stones.html\">Seguir leyendo&#8230;<\/a><\/p>","protected":false},"excerpt":{"rendered":"<p>La \u2018Bar\u00e7aman\u00eda\u2019 por los Rolling Stones vuelve al ataque. Los jugadores del primer equipo masculino y femenino del Bar\u00e7a han posado esta semana con las diversas camisetas que el club blaugrana ha lanzado al mercado con la lengua caracter\u00edstica de la banda londinense, fruto del acuerdo y patrocinio de la entidad cul\u00e9 con Spotify. Seguir [&hellip;]<\/p>\n","protected":false},"author":0,"featured_media":1688,"comment_status":"","ping_status":"","sticky":false,"template":"","format":"standard","meta":{"_et_pb_use_builder":"","_et_pb_old_content":"","_et_gb_content_width":"","footnotes":""},"categories":[1],"tags":[],"class_list":["post-1687","post","type-post","status-publish","format-standard","has-post-thumbnail","hentry","category-blog","et-has-post-format-content","et_post_format-et-post-format-standard"],"_links":{"self":[{"href":"https:\/\/trayectoriadeportiva.com\/index.php\/wp-json\/wp\/v2\/posts\/1687","targetHints":{"allow":["GET"]}}],"collection":[{"href":"https:\/\/trayectoriadeportiva.com\/index.php\/wp-json\/wp\/v2\/posts"}],"about":[{"href":"https:\/\/trayectoriadeportiva.com\/index.php\/wp-json\/wp\/v2\/types\/post"}],"replies":[{"embeddable":true,"href":"https:\/\/trayectoriadeportiva.com\/index.php\/wp-json\/wp\/v2\/comments?post=1687"}],"version-history":[{"count":0,"href":"https:\/\/trayectoriadeportiva.com\/index.php\/wp-json\/wp\/v2\/posts\/1687\/revisions"}],"wp:featuredmedia":[{"embeddable":true,"href":"https:\/\/trayectoriadeportiva.com\/index.php\/wp-json\/wp\/v2\/media\/1688"}],"wp:attachment":[{"href":"https:\/\/trayectoriadeportiva.com\/index.php\/wp-json\/wp\/v2\/media?parent=1687"}],"wp:term":[{"taxonomy":"category","embeddable":true,"href":"https:\/\/trayectoriadeportiva.com\/index.php\/wp-json\/wp\/v2\/categories?post=1687"},{"taxonomy":"post_tag","embeddable":true,"href":"https:\/\/trayectoriadeportiva.com\/index.php\/wp-json\/wp\/v2\/tags?post=1687"}],"curies":[{"name":"wp","href":"https:\/\/api.w.org\/{rel}","templated":true}]}}