{"id":16884,"date":"2024-08-25T18:03:24","date_gmt":"2024-08-25T18:03:24","guid":{"rendered":"https:\/\/trayectoriadeportiva.com\/index.php\/2024\/08\/25\/ancelotti-a-mbappe-no-le-penaliza-jugar-de-nueve-al-final-marcara\/"},"modified":"2024-08-25T18:03:24","modified_gmt":"2024-08-25T18:03:24","slug":"ancelotti-a-mbappe-no-le-penaliza-jugar-de-nueve-al-final-marcara","status":"publish","type":"post","link":"https:\/\/trayectoriadeportiva.com\/index.php\/2024\/08\/25\/ancelotti-a-mbappe-no-le-penaliza-jugar-de-nueve-al-final-marcara\/","title":{"rendered":"Ancelotti: \u201cA Mbapp\u00e9 no le penaliza jugar de nueve, al final marcar\u00e1\u201d"},"content":{"rendered":"<p>Era un d\u00eda especial, el de su debut ante su nueva afici\u00f3n, en el Santiago Bernab\u00e9u. A priori contra una v\u00edctima propicia como el Valladolid, un reci\u00e9n ascendido. Pero Kylian Mbapp\u00e9 no pudo firmar su estreno so\u00f1ado, sin mucha participaci\u00f3n en la posici\u00f3n de nueve y poco contundente en las escasas ocasiones de las que dispuso. Sin p\u00f3lvora el lustroso tridente blanco, formado por el franc\u00e9s, Vin\u00edcius y Rodrygo, el triunfo ante los vallisoletanos lleg\u00f3 en la segunda parte con los goles de Valverde, Brahim y Endrick.<\/p>\n<p><a href=\"https:\/\/www.lavanguardia.com\/deportes\/real-madrid\/20240825\/9890453\/ancelotti-mbappe-real-madrid-victoria-valladolid-bernabeu-reacciones.html\">Seguir leyendo&#8230;<\/a><\/p>","protected":false},"excerpt":{"rendered":"<p>Era un d\u00eda especial, el de su debut ante su nueva afici\u00f3n, en el Santiago Bernab\u00e9u. A priori contra una v\u00edctima propicia como el Valladolid, un reci\u00e9n ascendido. Pero Kylian Mbapp\u00e9 no pudo firmar su estreno so\u00f1ado, sin mucha participaci\u00f3n en la posici\u00f3n de nueve y poco contundente en las escasas ocasiones de las que [&hellip;]<\/p>\n","protected":false},"author":0,"featured_media":16885,"comment_status":"","ping_status":"","sticky":false,"template":"","format":"standard","meta":{"_et_pb_use_builder":"","_et_pb_old_content":"","_et_gb_content_width":"","footnotes":""},"categories":[1],"tags":[],"class_list":["post-16884","post","type-post","status-publish","format-standard","has-post-thumbnail","hentry","category-blog","et-has-post-format-content","et_post_format-et-post-format-standard"],"_links":{"self":[{"href":"https:\/\/trayectoriadeportiva.com\/index.php\/wp-json\/wp\/v2\/posts\/16884","targetHints":{"allow":["GET"]}}],"collection":[{"href":"https:\/\/trayectoriadeportiva.com\/index.php\/wp-json\/wp\/v2\/posts"}],"about":[{"href":"https:\/\/trayectoriadeportiva.com\/index.php\/wp-json\/wp\/v2\/types\/post"}],"replies":[{"embeddable":true,"href":"https:\/\/trayectoriadeportiva.com\/index.php\/wp-json\/wp\/v2\/comments?post=16884"}],"version-history":[{"count":0,"href":"https:\/\/trayectoriadeportiva.com\/index.php\/wp-json\/wp\/v2\/posts\/16884\/revisions"}],"wp:featuredmedia":[{"embeddable":true,"href":"https:\/\/trayectoriadeportiva.com\/index.php\/wp-json\/wp\/v2\/media\/16885"}],"wp:attachment":[{"href":"https:\/\/trayectoriadeportiva.com\/index.php\/wp-json\/wp\/v2\/media?parent=16884"}],"wp:term":[{"taxonomy":"category","embeddable":true,"href":"https:\/\/trayectoriadeportiva.com\/index.php\/wp-json\/wp\/v2\/categories?post=16884"},{"taxonomy":"post_tag","embeddable":true,"href":"https:\/\/trayectoriadeportiva.com\/index.php\/wp-json\/wp\/v2\/tags?post=16884"}],"curies":[{"name":"wp","href":"https:\/\/api.w.org\/{rel}","templated":true}]}}