{"id":16892,"date":"2024-08-25T22:25:53","date_gmt":"2024-08-25T22:25:53","guid":{"rendered":"https:\/\/trayectoriadeportiva.com\/index.php\/2024\/08\/25\/laporta-derrite-el-hielo\/"},"modified":"2024-08-25T22:25:53","modified_gmt":"2024-08-25T22:25:53","slug":"laporta-derrite-el-hielo","status":"publish","type":"post","link":"https:\/\/trayectoriadeportiva.com\/index.php\/2024\/08\/25\/laporta-derrite-el-hielo\/","title":{"rendered":"Laporta derrite el hielo"},"content":{"rendered":"<p>Carlos, el hijo menor de Ladislao Kubala, recibi\u00f3 un golpe muy duro al tener conocimiento del cierre de la actividad del primer equipo de la secci\u00f3n de hockey hielo, de la que est\u00e1 considerado el mejor de su historia. Con solo 14 a\u00f1os el finland\u00e9s Jusso Wahlstein le hizo debutar, reci\u00e9n estrenada la nueva pista de gel adyacente al Palau Blaugrana en octubre de 1972, gracias a una subvenci\u00f3n de la Delegaci\u00f3n Nacional de Deportes que presid\u00eda Juan Antonio Samaranch, que permiti\u00f3 a Real Madrid y FC Barcelona construir sus palacios de hielo y que se pusiera en marcha la Liga s\u00e9nior de hockey. En aquella primera plantilla destacaba la presencia de una vieja gloria del hockey patines como Manel Puigb\u00f3, que a los 40 a\u00f1os aportaba su experiencia, como integrante en la d\u00e9cada de los cincuenta del equipo ganador de dos campeonatos del mundo de hockey rodado, bajo las \u00f3rdenes del propio Samaranch, que us\u00f3 este deporte como rampa de lanzamiento de una exitosa carrera como dirigente. Al poco tiempo se incorpor\u00f3 como portero Carles Vilarrub\u00ed, que proced\u00eda del hockey hierba y hab\u00eda aprendido a patinar sobre hielo durante los veraneos en la Cerdanya. Durante m\u00e1s de 50 a\u00f1os la pista de gel fue un \u00e9xito de concurrencia para centenares de personas. \u00bfQui\u00e9n no habr\u00e1 asistido en alguna ocasi\u00f3n a una fiesta de cumplea\u00f1os en sus instalaciones? En su bar, Johan Cruyff y Valero Rivera compartieron el primer caf\u00e9 del d\u00eda, servido por Julia, una barcelonista de los pies a la cabeza que estaba considerada como una segunda madre de gran parte de los deportistas del Palau. El hielo, con el mantenimiento impecable de Miquel Ribero, que m\u00e1s tarde se convertir\u00eda en el adjunto de Ricard Maxenchs en el departamento de prensa y fiel acompa\u00f1ante de Casaus en sus visitas a las pe\u00f1as, proporcionaba una baja temperatura al lugar que era de agradecer en las \u00e9pocas estivales. Especialmente para los morenos , que se reun\u00edan para debatir sobre el Bar\u00e7a e intimidar a alg\u00fan periodista que se hubiese despistado buscando informaci\u00f3n. El cierre temporal anunciado por la junta de Laporta no ser\u00e1 el primero, ya que en 1984, tras el fichaje de Maradona, N\u00fa\u00f1ez redujo la actividad en la secci\u00f3n de hielo y en otras como el rugby y atletismo, que afect\u00f3 al medallista ol\u00edmpico en Los \u00c1ngeles Jos\u00e9 Manuel Abascal, que se entrenaba a las \u00f3rdenes del m\u00edtico Gregorio Rojo. El retorno del equipo de hockey hielo coincidi\u00f3 con los dos primeros t\u00edtulos de Liga en 1986 y 1987, precisamente con Kubala como entrenador-jugador. La clausura se ve\u00eda venir, cuando con el inicio hace un par de a\u00f1os de las obras del Espai Bar\u00e7a se decidi\u00f3 trasladar el museo del club al lugar que ocupaba la pista de gel . En la situaci\u00f3n econ\u00f3mica de la entidad, era un lujo renunciar a los 32 millones de ingresos del museo. Pero lo que tampoco est\u00e1 nada claro es que se cumpla el proyecto de construir una nueva pista de hielo en la zona del antiguo Mini, justo al lado del futuro nuevo Blaugrana. Porque ya se sabe que si de algo escasea Laporta es de cumplir con lo prometido.<\/p>\n<p><a href=\"https:\/\/www.lavanguardia.com\/deportes\/20240826\/9890725\/laporta-derrite-hielo.html\">Seguir leyendo&#8230;<\/a><\/p>","protected":false},"excerpt":{"rendered":"<p>Carlos, el hijo menor de Ladislao Kubala, recibi\u00f3 un golpe muy duro al tener conocimiento del cierre de la actividad del primer equipo de la secci\u00f3n de hockey hielo, de la que est\u00e1 considerado el mejor de su historia. Con solo 14 a\u00f1os el finland\u00e9s Jusso Wahlstein le hizo debutar, reci\u00e9n estrenada la nueva pista [&hellip;]<\/p>\n","protected":false},"author":0,"featured_media":16893,"comment_status":"","ping_status":"","sticky":false,"template":"","format":"standard","meta":{"_et_pb_use_builder":"","_et_pb_old_content":"","_et_gb_content_width":"","footnotes":""},"categories":[1],"tags":[],"class_list":["post-16892","post","type-post","status-publish","format-standard","has-post-thumbnail","hentry","category-blog","et-has-post-format-content","et_post_format-et-post-format-standard"],"_links":{"self":[{"href":"https:\/\/trayectoriadeportiva.com\/index.php\/wp-json\/wp\/v2\/posts\/16892","targetHints":{"allow":["GET"]}}],"collection":[{"href":"https:\/\/trayectoriadeportiva.com\/index.php\/wp-json\/wp\/v2\/posts"}],"about":[{"href":"https:\/\/trayectoriadeportiva.com\/index.php\/wp-json\/wp\/v2\/types\/post"}],"replies":[{"embeddable":true,"href":"https:\/\/trayectoriadeportiva.com\/index.php\/wp-json\/wp\/v2\/comments?post=16892"}],"version-history":[{"count":0,"href":"https:\/\/trayectoriadeportiva.com\/index.php\/wp-json\/wp\/v2\/posts\/16892\/revisions"}],"wp:featuredmedia":[{"embeddable":true,"href":"https:\/\/trayectoriadeportiva.com\/index.php\/wp-json\/wp\/v2\/media\/16893"}],"wp:attachment":[{"href":"https:\/\/trayectoriadeportiva.com\/index.php\/wp-json\/wp\/v2\/media?parent=16892"}],"wp:term":[{"taxonomy":"category","embeddable":true,"href":"https:\/\/trayectoriadeportiva.com\/index.php\/wp-json\/wp\/v2\/categories?post=16892"},{"taxonomy":"post_tag","embeddable":true,"href":"https:\/\/trayectoriadeportiva.com\/index.php\/wp-json\/wp\/v2\/tags?post=16892"}],"curies":[{"name":"wp","href":"https:\/\/api.w.org\/{rel}","templated":true}]}}