{"id":16966,"date":"2024-08-27T16:35:11","date_gmt":"2024-08-27T16:35:11","guid":{"rendered":"https:\/\/trayectoriadeportiva.com\/index.php\/2024\/08\/27\/van-aert-ilumina-como-un-faro\/"},"modified":"2024-08-27T16:35:11","modified_gmt":"2024-08-27T16:35:11","slug":"van-aert-ilumina-como-un-faro","status":"publish","type":"post","link":"https:\/\/trayectoriadeportiva.com\/index.php\/2024\/08\/27\/van-aert-ilumina-como-un-faro\/","title":{"rendered":"Van Aert ilumina como un faro"},"content":{"rendered":"<p>El faro de cabo Silleiro, en los alrededores de Baiona, es b\u00e1sico en la zona de las islas C\u00edes, en la costa gallega. Con 3.000 vatios de potencia, su luz se puede ver desde 40 millas mar adentro. Wout van Aert no llega a esos n\u00fameros, pedalea fuerte pero no mueve tanto con sus piernas, pero su luz brilla de forma incandescente. La estrella belga est\u00e1 iluminando la Vuelta a Espa\u00f1a con su presencia y su actuaci\u00f3n. El ciclista del Visma, uno de los seis magn\u00edficos del pelot\u00f3n, se est\u00e1 poniendo las botas en su primera participaci\u00f3n en la ronda. Tres victorias acumula ya Van Aert, que hizo hat-trick en Pontevedra.<\/p>\n<p><a href=\"https:\/\/www.lavanguardia.com\/deportes\/20240827\/9895082\/aert-ilumina-faro.html\">Seguir leyendo&#8230;<\/a><\/p>","protected":false},"excerpt":{"rendered":"<p>El faro de cabo Silleiro, en los alrededores de Baiona, es b\u00e1sico en la zona de las islas C\u00edes, en la costa gallega. Con 3.000 vatios de potencia, su luz se puede ver desde 40 millas mar adentro. Wout van Aert no llega a esos n\u00fameros, pedalea fuerte pero no mueve tanto con sus piernas, [&hellip;]<\/p>\n","protected":false},"author":0,"featured_media":16967,"comment_status":"","ping_status":"","sticky":false,"template":"","format":"standard","meta":{"_et_pb_use_builder":"","_et_pb_old_content":"","_et_gb_content_width":"","footnotes":""},"categories":[1],"tags":[],"class_list":["post-16966","post","type-post","status-publish","format-standard","has-post-thumbnail","hentry","category-blog","et-has-post-format-content","et_post_format-et-post-format-standard"],"_links":{"self":[{"href":"https:\/\/trayectoriadeportiva.com\/index.php\/wp-json\/wp\/v2\/posts\/16966","targetHints":{"allow":["GET"]}}],"collection":[{"href":"https:\/\/trayectoriadeportiva.com\/index.php\/wp-json\/wp\/v2\/posts"}],"about":[{"href":"https:\/\/trayectoriadeportiva.com\/index.php\/wp-json\/wp\/v2\/types\/post"}],"replies":[{"embeddable":true,"href":"https:\/\/trayectoriadeportiva.com\/index.php\/wp-json\/wp\/v2\/comments?post=16966"}],"version-history":[{"count":0,"href":"https:\/\/trayectoriadeportiva.com\/index.php\/wp-json\/wp\/v2\/posts\/16966\/revisions"}],"wp:featuredmedia":[{"embeddable":true,"href":"https:\/\/trayectoriadeportiva.com\/index.php\/wp-json\/wp\/v2\/media\/16967"}],"wp:attachment":[{"href":"https:\/\/trayectoriadeportiva.com\/index.php\/wp-json\/wp\/v2\/media?parent=16966"}],"wp:term":[{"taxonomy":"category","embeddable":true,"href":"https:\/\/trayectoriadeportiva.com\/index.php\/wp-json\/wp\/v2\/categories?post=16966"},{"taxonomy":"post_tag","embeddable":true,"href":"https:\/\/trayectoriadeportiva.com\/index.php\/wp-json\/wp\/v2\/tags?post=16966"}],"curies":[{"name":"wp","href":"https:\/\/api.w.org\/{rel}","templated":true}]}}